{"id":6657,"date":"2011-12-01T00:54:11","date_gmt":"2011-11-30T23:54:11","guid":{"rendered":"https:\/\/www.forum-soegel.de\/information\/?p=6657"},"modified":"2011-12-30T12:01:00","modified_gmt":"2011-12-30T11:01:00","slug":"neueroffnung-nach-umbau-beim-akustik-und-optikergeschaft-jelges","status":"publish","type":"post","link":"https:\/\/www.forum-soegel.de\/information\/2011\/12\/neueroffnung-nach-umbau-beim-akustik-und-optikergeschaft-jelges\/","title":{"rendered":"Neuer\u00f6ffnung nach Umbau beim Akustik- und Optikergesch\u00e4ft Jelges"},"content":{"rendered":"<p>Zur neuen modernen und kundenfreundlichen Einrichtung gratulierten in diesen Tagen die Vertreter des Wirtschaftsverbandes S\u00f6gel sowie der politischen Gemeinde S\u00f6gel dem Gesch\u00e4ftsinhabern Anett und Adolf Jelges jun. in S\u00f6gel.<\/p>\n<p>Das Uhren-Schmuck-Brillen und H\u00f6rger\u00e4tegesch\u00e4ft am Marktplatz in S\u00f6gel besteht schon in zweiter Generation und wurde jetzt mit einem Anbau versehen. Die R\u00e4ume zur Akustik- und Optikberatung wurden erweitert und modernisiert. In seiner Ansprache dankte Jelges seinen Eltern f\u00fcr den Aufbau des Gesch\u00e4ftes vor rund 50 Jahren und den renommierten Ruf \u00fcber die Grenzen S\u00f6gels hinweg. Seit nun schon zwanzig Jahren habe er gerne mit seiner Ehefrau in bew\u00e4hrter Form das Gesch\u00e4ft fortgef\u00fchrt und ausgebaut. Durch den Um- und Anbau seien jetzt optimale Bedingungen f\u00fcr eine auf die Kunden individuell zugeschnittene Beratung geschaffen worden. Weiterhin dankte Jelges seinem Team f\u00fcr die gute Zusammenarbeit. Den neuen R\u00e4umlichkeiten wurde von Pfarrer Bernhard Horstmann und Pastor Matthias Voss der kirchlichen Segen erteilt.<\/p>\n<p>&nbsp;<\/p>\n<p>Text\/Foto: I C<\/p>\n<p><a href=\"https:\/\/www.forum-soegel.de\/information\/wp-content\/uploads\/2011\/11\/Jelges-Neuer\u00f6ffnung-II.jpg\"><img loading=\"lazy\" decoding=\"async\" class=\"alignnone size-medium wp-image-6658\" title=\"Jelges Neuer\u00f6ffnung II\" src=\"https:\/\/www.forum-soegel.de\/information\/wp-content\/uploads\/2011\/11\/Jelges-Neuer\u00f6ffnung-II-300x225.jpg\" alt=\"\" width=\"300\" height=\"225\" srcset=\"https:\/\/www.forum-soegel.de\/information\/wp-content\/uploads\/2011\/11\/Jelges-Neuer\u00f6ffnung-II-300x225.jpg 300w, https:\/\/www.forum-soegel.de\/information\/wp-content\/uploads\/2011\/11\/Jelges-Neuer\u00f6ffnung-II.jpg 1024w\" sizes=\"auto, (max-width: 300px) 100vw, 300px\" \/><\/a><\/p>\n<p>&nbsp;<\/p>\n","protected":false},"excerpt":{"rendered":"Zur neuen modernen und kundenfreundlichen Einrichtung gratulierten in diesen Tagen die Vertreter des Wirtschaftsverbandes S\u00f6gel sowie der politischen Gemeinde S\u00f6gel dem Gesch\u00e4ftsinhabern Anett und Adolf Jelges jun. in S\u00f6gel. Das Uhren-Schmuck-Brillen und H\u00f6rger\u00e4tegesch\u00e4ft am Marktplatz in S\u00f6gel besteht schon in zweiter Generation und wurde jetzt mit einem Anbau versehen. Die R\u00e4ume zur Akustik- und Optikberatung [&hellip;]\n","protected":false},"author":2,"featured_media":0,"comment_status":"closed","ping_status":"closed","sticky":false,"template":"","format":"standard","meta":{"ngg_post_thumbnail":0,"footnotes":""},"categories":[4],"tags":[812,814,813],"class_list":["post-6657","post","type-post","status-publish","format-standard","hentry","category-aus-der-geschaftswelt","tag-akustik","tag-horgerate","tag-optik"],"_links":{"self":[{"href":"https:\/\/www.forum-soegel.de\/information\/wp-json\/wp\/v2\/posts\/6657","targetHints":{"allow":["GET"]}}],"collection":[{"href":"https:\/\/www.forum-soegel.de\/information\/wp-json\/wp\/v2\/posts"}],"about":[{"href":"https:\/\/www.forum-soegel.de\/information\/wp-json\/wp\/v2\/types\/post"}],"author":[{"embeddable":true,"href":"https:\/\/www.forum-soegel.de\/information\/wp-json\/wp\/v2\/users\/2"}],"replies":[{"embeddable":true,"href":"https:\/\/www.forum-soegel.de\/information\/wp-json\/wp\/v2\/comments?post=6657"}],"version-history":[{"count":2,"href":"https:\/\/www.forum-soegel.de\/information\/wp-json\/wp\/v2\/posts\/6657\/revisions"}],"predecessor-version":[{"id":7117,"href":"https:\/\/www.forum-soegel.de\/information\/wp-json\/wp\/v2\/posts\/6657\/revisions\/7117"}],"wp:attachment":[{"href":"https:\/\/www.forum-soegel.de\/information\/wp-json\/wp\/v2\/media?parent=6657"}],"wp:term":[{"taxonomy":"category","embeddable":true,"href":"https:\/\/www.forum-soegel.de\/information\/wp-json\/wp\/v2\/categories?post=6657"},{"taxonomy":"post_tag","embeddable":true,"href":"https:\/\/www.forum-soegel.de\/information\/wp-json\/wp\/v2\/tags?post=6657"}],"curies":[{"name":"wp","href":"https:\/\/api.w.org\/{rel}","templated":true}]}}