{"id":6652,"date":"2011-12-01T00:50:54","date_gmt":"2011-11-30T23:50:54","guid":{"rendered":"https:\/\/www.forum-soegel.de\/information\/?p=6652"},"modified":"2011-12-30T12:01:58","modified_gmt":"2011-12-30T11:01:58","slug":"hgv-planwagenfahrt","status":"publish","type":"post","link":"https:\/\/www.forum-soegel.de\/information\/2011\/12\/hgv-planwagenfahrt\/","title":{"rendered":"HGV Planwagenfahrt"},"content":{"rendered":"<p>Der HVG hatte eingeladen, und \u00fcber 30 Mitglieder nahmen gern an einem Besuch der H\u00fcvener M\u00fchle teil. Auf zwei Planwagen herrschte fr\u00f6hliche Stimmung, als bei Sonnenschein die Fahrt losging.<\/p>\n<p>Nach einer gem\u00fctlichen Kaffeepause mit schmackhaftem Kuchen im Restaurant der H\u00fcvener M\u00fchle, fand die Besichtigung der Anlage statt. Im Informationszentrum informierten sich die interessierten Besucher durch einen Film und Vortrag \u00fcber die Geschichte der H\u00fcvener M\u00fchle.<\/p>\n<p>Im Anschluss daran konnten alle Besucher in der M\u00fchle die Technik des Mahlens erleben. Ein sch\u00f6ner Nachmittag ging zu Ende, als in L\u00fcns Hus ein Essen vorbereitet war und man rege \u00fcber diesen Ausflug diskutierte.<\/p>\n<p>&nbsp;<\/p>\n<p>Text:Willi Wigbers \/ Foto: Vereine Spahnharrenst\u00e4tte<\/p>\n<p><a href=\"https:\/\/www.forum-soegel.de\/information\/wp-content\/uploads\/2011\/11\/planwagen1.jpg\"><img loading=\"lazy\" decoding=\"async\" class=\"alignnone size-thumbnail wp-image-6653\" title=\"planwagen1\" src=\"https:\/\/www.forum-soegel.de\/information\/wp-content\/uploads\/2011\/11\/planwagen1-150x150.jpg\" alt=\"\" width=\"150\" height=\"150\" \/><\/a>\u00a0<a href=\"https:\/\/www.forum-soegel.de\/information\/wp-content\/uploads\/2011\/11\/Planwagen2.jpg\"><img loading=\"lazy\" decoding=\"async\" class=\"alignnone size-thumbnail wp-image-6654\" title=\"Planwagen2\" src=\"https:\/\/www.forum-soegel.de\/information\/wp-content\/uploads\/2011\/11\/Planwagen2-150x150.jpg\" alt=\"\" width=\"150\" height=\"150\" \/><\/a>\u00a0<a href=\"https:\/\/www.forum-soegel.de\/information\/wp-content\/uploads\/2011\/11\/Planwagen3.jpg\"><img loading=\"lazy\" decoding=\"async\" class=\"alignnone size-thumbnail wp-image-6655\" title=\"Planwagen3\" src=\"https:\/\/www.forum-soegel.de\/information\/wp-content\/uploads\/2011\/11\/Planwagen3-150x150.jpg\" alt=\"\" width=\"150\" height=\"150\" \/><\/a><\/p>\n","protected":false},"excerpt":{"rendered":"Der HVG hatte eingeladen, und \u00fcber 30 Mitglieder nahmen gern an einem Besuch der H\u00fcvener M\u00fchle teil. Auf zwei Planwagen herrschte fr\u00f6hliche Stimmung, als bei Sonnenschein die Fahrt losging. Nach einer gem\u00fctlichen Kaffeepause mit schmackhaftem Kuchen im Restaurant der H\u00fcvener M\u00fchle, fand die Besichtigung der Anlage statt. Im Informationszentrum informierten sich die interessierten Besucher durch [&hellip;]\n","protected":false},"author":2,"featured_media":0,"comment_status":"closed","ping_status":"closed","sticky":false,"template":"","format":"standard","meta":{"ngg_post_thumbnail":0,"footnotes":""},"categories":[4],"tags":[19,615,815],"class_list":["post-6652","post","type-post","status-publish","format-standard","hentry","category-aus-der-geschaftswelt","tag-hgv","tag-huvener-muhle","tag-planwagenfahrt"],"_links":{"self":[{"href":"https:\/\/www.forum-soegel.de\/information\/wp-json\/wp\/v2\/posts\/6652","targetHints":{"allow":["GET"]}}],"collection":[{"href":"https:\/\/www.forum-soegel.de\/information\/wp-json\/wp\/v2\/posts"}],"about":[{"href":"https:\/\/www.forum-soegel.de\/information\/wp-json\/wp\/v2\/types\/post"}],"author":[{"embeddable":true,"href":"https:\/\/www.forum-soegel.de\/information\/wp-json\/wp\/v2\/users\/2"}],"replies":[{"embeddable":true,"href":"https:\/\/www.forum-soegel.de\/information\/wp-json\/wp\/v2\/comments?post=6652"}],"version-history":[{"count":2,"href":"https:\/\/www.forum-soegel.de\/information\/wp-json\/wp\/v2\/posts\/6652\/revisions"}],"predecessor-version":[{"id":7118,"href":"https:\/\/www.forum-soegel.de\/information\/wp-json\/wp\/v2\/posts\/6652\/revisions\/7118"}],"wp:attachment":[{"href":"https:\/\/www.forum-soegel.de\/information\/wp-json\/wp\/v2\/media?parent=6652"}],"wp:term":[{"taxonomy":"category","embeddable":true,"href":"https:\/\/www.forum-soegel.de\/information\/wp-json\/wp\/v2\/categories?post=6652"},{"taxonomy":"post_tag","embeddable":true,"href":"https:\/\/www.forum-soegel.de\/information\/wp-json\/wp\/v2\/tags?post=6652"}],"curies":[{"name":"wp","href":"https:\/\/api.w.org\/{rel}","templated":true}]}}