{"id":6636,"date":"2011-12-01T00:16:36","date_gmt":"2011-11-30T23:16:36","guid":{"rendered":"https:\/\/www.forum-soegel.de\/information\/?p=6636"},"modified":"2011-12-30T12:43:19","modified_gmt":"2011-12-30T11:43:19","slug":"bist-du-noch-ganz-frisch-3","status":"publish","type":"post","link":"https:\/\/www.forum-soegel.de\/information\/2011\/12\/bist-du-noch-ganz-frisch-3\/","title":{"rendered":"Bist du noch ganz frisch?"},"content":{"rendered":"<p>Mit der Aktion \u201eBist Du noch ganz frisch?\u201c wendet sich ein Initiativkreis von sechs Personen gezielt an Neub\u00fcrger, die in S\u00f6gel neu angekommen sind und auch heimisch werden wollen. Ein erster Termin fand im Januar in der Kreativk\u00fcche des<ins cite=\"mailto:rk\" datetime=\"2011-03-02T17:17\"> <\/ins>Emslandmuseums Schloss Clemenswerth statt.<\/p>\n<p>Weitere Termine fanden im Marstall und im Rathaus statt. Die Termine waren nach Angaben der Initiatoren gut besucht. Nun steht der vierte Termin fest. Am 8. Dezember ist ein zweist\u00fcndiges Treffen um 20 Uhr im Katharina-von-Bora-Haus der Evangelischen Kirchengemeinde S\u00f6gel vorgesehen.<\/p>\n<p>Im Fr\u00fchjahr kommenden Jahres wird das H\u00fcmmling Krankenhaus S\u00f6gel (F\u00fchrung mit Gesundheitscheck) einladen. Dieser Termin wird rechtzeitig in der \u00f6rtlichen Presse bekannt gegeben. Das Angebot \u00a0gilt auch f\u00fcr alle anderen B\u00fcrger.<\/p>\n<p>Eine Anmeldung zu diesen Kennenlernabenden ist erw\u00fcnscht.<\/p>\n<p>Kontakt: Stefanie Schmidt, Tel.: 05952-9419253,<br \/>\noder Mail: <a href=\"mailto:bist-du-noch-ganz-frisch-in@soegel.de\">bist-du-noch-ganz-frisch-in@soegel.de<\/a><\/p>\n<p>&nbsp;<\/p>\n<p>Text: IC<\/p>\n","protected":false},"excerpt":{"rendered":"Mit der Aktion \u201eBist Du noch ganz frisch?\u201c wendet sich ein Initiativkreis von sechs Personen gezielt an Neub\u00fcrger, die in S\u00f6gel neu angekommen sind und auch heimisch werden wollen. Ein erster Termin fand im Januar in der Kreativk\u00fcche des Emslandmuseums Schloss Clemenswerth statt. Weitere Termine fanden im Marstall und im Rathaus statt. Die Termine waren [&hellip;]\n","protected":false},"author":2,"featured_media":0,"comment_status":"closed","ping_status":"closed","sticky":false,"template":"","format":"standard","meta":{"ngg_post_thumbnail":0,"footnotes":""},"categories":[3],"tags":[279,563,303],"class_list":["post-6636","post","type-post","status-publish","format-standard","hentry","category-aktuelles-aus-der-region","tag-emslandmuseum","tag-neuburger","tag-schloss-clemenswerth"],"_links":{"self":[{"href":"https:\/\/www.forum-soegel.de\/information\/wp-json\/wp\/v2\/posts\/6636","targetHints":{"allow":["GET"]}}],"collection":[{"href":"https:\/\/www.forum-soegel.de\/information\/wp-json\/wp\/v2\/posts"}],"about":[{"href":"https:\/\/www.forum-soegel.de\/information\/wp-json\/wp\/v2\/types\/post"}],"author":[{"embeddable":true,"href":"https:\/\/www.forum-soegel.de\/information\/wp-json\/wp\/v2\/users\/2"}],"replies":[{"embeddable":true,"href":"https:\/\/www.forum-soegel.de\/information\/wp-json\/wp\/v2\/comments?post=6636"}],"version-history":[{"count":2,"href":"https:\/\/www.forum-soegel.de\/information\/wp-json\/wp\/v2\/posts\/6636\/revisions"}],"predecessor-version":[{"id":7150,"href":"https:\/\/www.forum-soegel.de\/information\/wp-json\/wp\/v2\/posts\/6636\/revisions\/7150"}],"wp:attachment":[{"href":"https:\/\/www.forum-soegel.de\/information\/wp-json\/wp\/v2\/media?parent=6636"}],"wp:term":[{"taxonomy":"category","embeddable":true,"href":"https:\/\/www.forum-soegel.de\/information\/wp-json\/wp\/v2\/categories?post=6636"},{"taxonomy":"post_tag","embeddable":true,"href":"https:\/\/www.forum-soegel.de\/information\/wp-json\/wp\/v2\/tags?post=6636"}],"curies":[{"name":"wp","href":"https:\/\/api.w.org\/{rel}","templated":true}]}}