{"id":6604,"date":"2011-12-01T00:41:47","date_gmt":"2011-11-30T23:41:47","guid":{"rendered":"https:\/\/www.forum-soegel.de\/information\/?p=6604"},"modified":"2011-12-30T12:16:06","modified_gmt":"2011-12-30T11:16:06","slug":"abfallwirtschaft-aus-einer-hand-%e2%80%93-neuer-service-des-landkreises-emsland","status":"publish","type":"post","link":"https:\/\/www.forum-soegel.de\/information\/2011\/12\/abfallwirtschaft-aus-einer-hand-%e2%80%93-neuer-service-des-landkreises-emsland\/","title":{"rendered":"Abfallwirtschaft aus einer Hand \u2013 Neuer Service des Landkreises Emsland"},"content":{"rendered":"<p align=\"left\"><a href=\"https:\/\/www.forum-soegel.de\/information\/wp-content\/uploads\/2011\/12\/muelltonne.jpg\"><img loading=\"lazy\" decoding=\"async\" class=\"alignleft size-full wp-image-6811\" title=\"muelltonne\" src=\"https:\/\/www.forum-soegel.de\/information\/wp-content\/uploads\/2011\/12\/muelltonne.jpg\" alt=\"\" width=\"116\" height=\"110\" \/><\/a>Mit Beginn des neuen Jahres steht allen Haushalten<br \/>\neine Neuerung bei der Abfallentsorgung ins Haus. Wurden die Abfallgeb\u00fchren<br \/>\nbisher von den St\u00e4dten, Samtgemeinden und Gemeinden eingezogen, \u00fcbernimmt zum<br \/>\n01.01.2012 der Abfallwirtschaftsbetrieb Landkreis Emsland diese Aufgabe. F\u00fcr<br \/>\ndie anschlusspflichtigen Haushalte ergeben sich dadurch grunds\u00e4tzlich aber<br \/>\nkeine Ver\u00e4nderungen. Auch die Abfallgeb\u00fchren, die bereits seit 2005 stabil<br \/>\nsind, \u00e4ndern sich nicht. Jeder Haushalt erh\u00e4lt vom Abfallwirtschaftsbetrieb<br \/>\nLandkreis Emsland lediglich einen neuen Geb\u00fchrenbescheid, der nur die Abfallgeb\u00fchren enth\u00e4lt. Die<br \/>\nbisher vom Landkreis Emsland mit dem Geb\u00fchreneinzug beauftragten St\u00e4dte,<br \/>\nSamtgemeinden und Gemeinden erteilen zus\u00e4tzlich einen \u00c4nderungsbescheid, in dem<br \/>\nnur noch die gemeindlichen Abgaben (z.B. Grundsteuer, Hundesteuer,<br \/>\nStra\u00dfenreinigung) aufgef\u00fchrt sind.<\/p>\n<p align=\"left\">Der Abfallwirtschaftsbetrieb Landkreis Emsland wartet<br \/>\nzudem mit einem neuen Serviceangebot auf. Bereits ab dem 01.12.2011 k\u00f6nnen<br \/>\nGrundst\u00fcckseigent\u00fcmer den kostenlosen Beh\u00e4lterbringdienst in Anspruch nehmen.<br \/>\nUnter der zentralen Rufnummer 05931\/44-600 oder auch per Email unter<br \/>\ntonnentausch@awb-emsland.de nimmt der Abfallwirtschaftsbetrieb Landkreis<br \/>\nEmsland Auftr\u00e4ge zum Tausch und zur Lieferung von Abfallbeh\u00e4ltern entgegen.<br \/>\nEntsprechende Bestellformulare stehen im Internet unter www.awb-emsland.de zur Verf\u00fcgung.<br \/>\nDie bestellten Abfallbeh\u00e4lter\u00a0 werden<br \/>\ndann zeitnah ausgeliefert \u00a0Auch um die im<br \/>\nFalle eines Beh\u00e4ltertausches bisher genutzten Abfallbeh\u00e4lter k\u00fcmmert sich der<br \/>\nAbfallwirtschaftsbetrieb. Diese werden n\u00e4mlich bei Auslieferung der neuen<br \/>\nBeh\u00e4lter wieder mitgenommen. Mit der Einf\u00fchrung des Beh\u00e4lterbringdienstes<br \/>\nentf\u00e4llt die bisherige Ausgabe der Abfallbeh\u00e4lter bei den St\u00e4dten,<br \/>\nSamtgemeinden und Gemeinden.<\/p>\n<p align=\"left\">Bei allen Fragen zum Abfallgeb\u00fchrenbescheid oder zum<br \/>\nBeh\u00e4lterbringdienst steht der Abfallwirtschaftsbetrieb Landkreis Emsland ab dem<br \/>\n01.12.2011 unter der zentralen Telefon-Nummer 05931\/44-600 oder per Email unter<br \/>\ntonnentausch@awb-emsland.de zur Verf\u00fcgung.<\/p>\n","protected":false},"excerpt":{"rendered":"Mit Beginn des neuen Jahres steht allen Haushalten eine Neuerung bei der Abfallentsorgung ins Haus. Wurden die Abfallgeb\u00fchren bisher von den St\u00e4dten, Samtgemeinden und Gemeinden eingezogen, \u00fcbernimmt zum 01.01.2012 der Abfallwirtschaftsbetrieb Landkreis Emsland diese Aufgabe. F\u00fcr die anschlusspflichtigen Haushalte ergeben sich dadurch grunds\u00e4tzlich aber keine Ver\u00e4nderungen. Auch die Abfallgeb\u00fchren, die bereits seit 2005 stabil sind, [&hellip;]\n","protected":false},"author":2,"featured_media":0,"comment_status":"closed","ping_status":"closed","sticky":false,"template":"","format":"standard","meta":{"ngg_post_thumbnail":0,"footnotes":""},"categories":[3],"tags":[826,384,827],"class_list":["post-6604","post","type-post","status-publish","format-standard","hentry","category-aktuelles-aus-der-region","tag-abfallwirtschaft","tag-landkreis-emsland","tag-mulltonne"],"_links":{"self":[{"href":"https:\/\/www.forum-soegel.de\/information\/wp-json\/wp\/v2\/posts\/6604","targetHints":{"allow":["GET"]}}],"collection":[{"href":"https:\/\/www.forum-soegel.de\/information\/wp-json\/wp\/v2\/posts"}],"about":[{"href":"https:\/\/www.forum-soegel.de\/information\/wp-json\/wp\/v2\/types\/post"}],"author":[{"embeddable":true,"href":"https:\/\/www.forum-soegel.de\/information\/wp-json\/wp\/v2\/users\/2"}],"replies":[{"embeddable":true,"href":"https:\/\/www.forum-soegel.de\/information\/wp-json\/wp\/v2\/comments?post=6604"}],"version-history":[{"count":3,"href":"https:\/\/www.forum-soegel.de\/information\/wp-json\/wp\/v2\/posts\/6604\/revisions"}],"predecessor-version":[{"id":7127,"href":"https:\/\/www.forum-soegel.de\/information\/wp-json\/wp\/v2\/posts\/6604\/revisions\/7127"}],"wp:attachment":[{"href":"https:\/\/www.forum-soegel.de\/information\/wp-json\/wp\/v2\/media?parent=6604"}],"wp:term":[{"taxonomy":"category","embeddable":true,"href":"https:\/\/www.forum-soegel.de\/information\/wp-json\/wp\/v2\/categories?post=6604"},{"taxonomy":"post_tag","embeddable":true,"href":"https:\/\/www.forum-soegel.de\/information\/wp-json\/wp\/v2\/tags?post=6604"}],"curies":[{"name":"wp","href":"https:\/\/api.w.org\/{rel}","templated":true}]}}