{"id":6599,"date":"2011-11-15T20:52:12","date_gmt":"2011-11-15T19:52:12","guid":{"rendered":"https:\/\/www.forum-soegel.de\/information\/?p=6599"},"modified":"2011-12-01T18:32:02","modified_gmt":"2011-12-01T17:32:02","slug":"sogeler-weihnachtsmarkt-planungen-im-vollen-gange","status":"publish","type":"post","link":"https:\/\/www.forum-soegel.de\/information\/2011\/11\/sogeler-weihnachtsmarkt-planungen-im-vollen-gange\/","title":{"rendered":"S\u00f6geler Weihnachtsmarkt: Planungen im vollen Gange"},"content":{"rendered":"<p>18 adventlich geschm\u00fcckte Holzh\u00fctten laden rund um das Heimathaus zum Verweilen und zum Marktbummel ein, so Klaus Sch\u00e4ffner vom Weihnachtsmarktteam. Vertreten sein werden u.a. der Eine-Welt-Laden, die Katholische sowie die Evangelische Jugend S\u00f6gel, die KFD S\u00f6gel, Kolping S\u00f6gel, die Rotarier, der F\u00f6rderverein Tilapia, der Jugendfischereiverein, mehrere S\u00f6geler Schulen und viele Weitere. Der Markt beginnt am Samstag, 26.11. um 15.00 Uhr mit einer offiziellen Er\u00f6ffnung. Nach der Familienmesse um 17.00 Uhr in der Pfarrkirche geht es mit einem Fackelumzug in Begleitung der Kolpingkapelle zum Weihnachtsmarkt. Dort wird der Minichor die Besucher verzaubern.<\/p>\n<p>Am Sonntag, 27.11., wird die weihnachtliche Stimmung vom MGV Harmonie S\u00f6gel und der Kindergruppe \u201ePopcorn\u201c hervorgerufen. Ebenso wartet der Nikolaus ab 14.00 Uhr beim Heimathaus auf die Kinder. \u00a0<\/p>\n<p>\u201eQualit\u00e4t statt Quantit\u00e4t\u201c sei der Anspruch f\u00fcr den diesj\u00e4hrigen Weihnachtsmarkt seitens des Organisationsteams, so Sch\u00e4ffner. Jochen Heeren vom Heimatverein S\u00f6gel, der in diesem Jahr erstmalig als Veranstalter auftritt, verspricht, den Heimathof zu diesem Anlass unter Einsatz des \u00f6rtlichen Bauhofes in ein adventliches Lichtermeer zu verwandeln. Ge\u00f6ffnet ist der Weihnachtsmarkt am Samstag von 15 bis 21 Uhr, am Sonntag, von 13 bis 19 Uhr. Im Heimathaus wird an beiden Tagen Kaffee und Kuchen angeboten. Am Samstag unterst\u00fctzt der Wirtschaftsverband S\u00f6gel mit einem \u201elangen verkaufsoffenen Samstag in S\u00f6gel bis 18.00 Uhr\u201c die Veranstaltung.<\/p>\n<p>Text: IC<\/p>\n<div id=\"attachment_6600\" style=\"width: 310px\" class=\"wp-caption alignnone\"><a href=\"https:\/\/www.forum-soegel.de\/information\/wp-content\/uploads\/2011\/11\/Weihnachtsmarkt-2011-Plakat.jpg\"><img loading=\"lazy\" decoding=\"async\" aria-describedby=\"caption-attachment-6600\" class=\"size-medium wp-image-6600\" title=\"Weihnachtsmarkt 2011 Plakat\" src=\"https:\/\/www.forum-soegel.de\/information\/wp-content\/uploads\/2011\/11\/Weihnachtsmarkt-2011-Plakat-300x225.jpg\" alt=\"\" width=\"300\" height=\"225\" srcset=\"https:\/\/www.forum-soegel.de\/information\/wp-content\/uploads\/2011\/11\/Weihnachtsmarkt-2011-Plakat-300x225.jpg 300w, https:\/\/www.forum-soegel.de\/information\/wp-content\/uploads\/2011\/11\/Weihnachtsmarkt-2011-Plakat.jpg 1024w\" sizes=\"auto, (max-width: 300px) 100vw, 300px\" \/><\/a><p id=\"caption-attachment-6600\" class=\"wp-caption-text\">Die Mitglieder des Weihnachtsmarkt Teams aus S\u00f6gel v.l. J\u00fcrgen Rolfes, Alfons Kohne (Wirtschaftsverband S\u00f6gel), Klaus Sch\u00e4ffner und Joachim Heeren.<\/p><\/div>\n","protected":false},"excerpt":{"rendered":"18 adventlich geschm\u00fcckte Holzh\u00fctten laden rund um das Heimathaus zum Verweilen und zum Marktbummel ein, so Klaus Sch\u00e4ffner vom Weihnachtsmarktteam. Vertreten sein werden u.a. der Eine-Welt-Laden, die Katholische sowie die Evangelische Jugend S\u00f6gel, die KFD S\u00f6gel, Kolping S\u00f6gel, die Rotarier, der F\u00f6rderverein Tilapia, der Jugendfischereiverein, mehrere S\u00f6geler Schulen und viele Weitere. Der Markt beginnt am [&hellip;]\n","protected":false},"author":2,"featured_media":0,"comment_status":"closed","ping_status":"closed","sticky":false,"template":"","format":"standard","meta":{"ngg_post_thumbnail":0,"footnotes":""},"categories":[5],"tags":[306,92],"class_list":["post-6599","post","type-post","status-publish","format-standard","hentry","category-was-machen-die-vereine","tag-heimatverein-sogel","tag-weihnachtsmarkt"],"_links":{"self":[{"href":"https:\/\/www.forum-soegel.de\/information\/wp-json\/wp\/v2\/posts\/6599","targetHints":{"allow":["GET"]}}],"collection":[{"href":"https:\/\/www.forum-soegel.de\/information\/wp-json\/wp\/v2\/posts"}],"about":[{"href":"https:\/\/www.forum-soegel.de\/information\/wp-json\/wp\/v2\/types\/post"}],"author":[{"embeddable":true,"href":"https:\/\/www.forum-soegel.de\/information\/wp-json\/wp\/v2\/users\/2"}],"replies":[{"embeddable":true,"href":"https:\/\/www.forum-soegel.de\/information\/wp-json\/wp\/v2\/comments?post=6599"}],"version-history":[{"count":2,"href":"https:\/\/www.forum-soegel.de\/information\/wp-json\/wp\/v2\/posts\/6599\/revisions"}],"predecessor-version":[{"id":6775,"href":"https:\/\/www.forum-soegel.de\/information\/wp-json\/wp\/v2\/posts\/6599\/revisions\/6775"}],"wp:attachment":[{"href":"https:\/\/www.forum-soegel.de\/information\/wp-json\/wp\/v2\/media?parent=6599"}],"wp:term":[{"taxonomy":"category","embeddable":true,"href":"https:\/\/www.forum-soegel.de\/information\/wp-json\/wp\/v2\/categories?post=6599"},{"taxonomy":"post_tag","embeddable":true,"href":"https:\/\/www.forum-soegel.de\/information\/wp-json\/wp\/v2\/tags?post=6599"}],"curies":[{"name":"wp","href":"https:\/\/api.w.org\/{rel}","templated":true}]}}