{"id":6540,"date":"2011-11-01T00:16:36","date_gmt":"2011-10-31T23:16:36","guid":{"rendered":"https:\/\/www.forum-soegel.de\/information\/?p=6540"},"modified":"2011-10-30T10:19:33","modified_gmt":"2011-10-30T09:19:33","slug":"klasse-3-der-grundschule-st-johannes-besichtigt-kreutzmanns-muhle","status":"publish","type":"post","link":"https:\/\/www.forum-soegel.de\/information\/2011\/11\/klasse-3-der-grundschule-st-johannes-besichtigt-kreutzmanns-muhle\/","title":{"rendered":"Klasse 3 der Grundschule St. Johannes besichtigt Kreutzmanns M\u00fchle"},"content":{"rendered":"<p><strong>und die B\u00e4ckerei Abeln in Werlte<\/strong><\/p>\n<p><strong>Kreutzmanns M\u00fchle<\/strong><\/p>\n<p>Die M\u00fchle wurde 1881 erbaut. Der M\u00fchlenkopf wiegt 17 Tonnen und der Achtkant ist 30 Tonnen schwer. Die Fl\u00fcgel sind 22 Meter lang. Wenn man die Bremse l\u00f6st, setzt sich das ganze R\u00e4derwerk in\u00a0 Bewegung. Durch das Drehen der Fl\u00fcgel dreht sich das Kammrad und dann das Stirnrad. Es hat 104 Z\u00e4hne. Eine Spindel wird durch das Stirnrad angetrieben und dann drehen sich die Mahlsteine. Die K\u00f6rner werden in einen Trichter gef\u00fcllt, gemahlen und landen in der Kornsch\u00fctte. Der M\u00fcllermeister f\u00fcllt das Mehl in S\u00e4cke.<\/p>\n<p>(geschrieben von Kindern der 3. Klasse)<\/p>\n<p><strong>Die B\u00e4ckerei<\/strong><\/p>\n<p>In der B\u00e4ckerei wird das Mehl zu Brot. Das Mehl lagert in drei gro\u00dfen Silos. Der K\u00fchlschrank ist ein gro\u00dfer K\u00fchlraum. Gro\u00dfe Mixer kneten den Teig. Der B\u00e4cker formt die Brote und Br\u00f6tchen, legt sie auf ein Abziehbrett und schiebt sie danach in den Ofen. Der B\u00e4cker backt: Brot, Br\u00f6tchen, Berliner, Kuchen, Pl\u00e4tzchen und Donuts in riesigen Back\u00f6fen. Es gibt auch einen Gefrierraum mit Temperaturen von \u2013 19\u00b0 C. Um 1 Uhr nachts fangen B\u00e4cker an zu arbeiten.<\/p>\n<p>(geschrieben von Kindern der 3. Klasse)<\/p>\n<p>Text\/Foto: Grundschule Spahnharrenst\u00e4tte<\/p>\n<p><a href=\"https:\/\/www.forum-soegel.de\/information\/wp-content\/uploads\/2011\/10\/Grundschule11.jpg\"><img loading=\"lazy\" decoding=\"async\" class=\"alignnone size-thumbnail wp-image-6542\" title=\"Grundschule1\" src=\"https:\/\/www.forum-soegel.de\/information\/wp-content\/uploads\/2011\/10\/Grundschule11-150x150.jpg\" alt=\"\" width=\"150\" height=\"150\" \/><\/a>\u00a0 <a href=\"https:\/\/www.forum-soegel.de\/information\/wp-content\/uploads\/2011\/10\/Grundschule2.jpg\"><img loading=\"lazy\" decoding=\"async\" class=\"alignnone size-thumbnail wp-image-6543\" title=\"Grundschule2\" src=\"https:\/\/www.forum-soegel.de\/information\/wp-content\/uploads\/2011\/10\/Grundschule2-150x150.jpg\" alt=\"\" width=\"150\" height=\"150\" \/><\/a><\/p>\n","protected":false},"excerpt":{"rendered":"und die B\u00e4ckerei Abeln in Werlte Kreutzmanns M\u00fchle Die M\u00fchle wurde 1881 erbaut. Der M\u00fchlenkopf wiegt 17 Tonnen und der Achtkant ist 30 Tonnen schwer. Die Fl\u00fcgel sind 22 Meter lang. Wenn man die Bremse l\u00f6st, setzt sich das ganze R\u00e4derwerk in\u00a0 Bewegung. Durch das Drehen der Fl\u00fcgel dreht sich das Kammrad und dann das [&hellip;]\n","protected":false},"author":2,"featured_media":0,"comment_status":"closed","ping_status":"closed","sticky":false,"template":"","format":"standard","meta":{"ngg_post_thumbnail":0,"footnotes":""},"categories":[6],"tags":[],"class_list":["post-6540","post","type-post","status-publish","format-standard","hentry","category-aus-der-schule-geplaudert"],"_links":{"self":[{"href":"https:\/\/www.forum-soegel.de\/information\/wp-json\/wp\/v2\/posts\/6540","targetHints":{"allow":["GET"]}}],"collection":[{"href":"https:\/\/www.forum-soegel.de\/information\/wp-json\/wp\/v2\/posts"}],"about":[{"href":"https:\/\/www.forum-soegel.de\/information\/wp-json\/wp\/v2\/types\/post"}],"author":[{"embeddable":true,"href":"https:\/\/www.forum-soegel.de\/information\/wp-json\/wp\/v2\/users\/2"}],"replies":[{"embeddable":true,"href":"https:\/\/www.forum-soegel.de\/information\/wp-json\/wp\/v2\/comments?post=6540"}],"version-history":[{"count":1,"href":"https:\/\/www.forum-soegel.de\/information\/wp-json\/wp\/v2\/posts\/6540\/revisions"}],"predecessor-version":[{"id":6544,"href":"https:\/\/www.forum-soegel.de\/information\/wp-json\/wp\/v2\/posts\/6540\/revisions\/6544"}],"wp:attachment":[{"href":"https:\/\/www.forum-soegel.de\/information\/wp-json\/wp\/v2\/media?parent=6540"}],"wp:term":[{"taxonomy":"category","embeddable":true,"href":"https:\/\/www.forum-soegel.de\/information\/wp-json\/wp\/v2\/categories?post=6540"},{"taxonomy":"post_tag","embeddable":true,"href":"https:\/\/www.forum-soegel.de\/information\/wp-json\/wp\/v2\/tags?post=6540"}],"curies":[{"name":"wp","href":"https:\/\/api.w.org\/{rel}","templated":true}]}}