{"id":6537,"date":"2011-11-01T00:14:42","date_gmt":"2011-10-31T23:14:42","guid":{"rendered":"https:\/\/www.forum-soegel.de\/information\/?p=6537"},"modified":"2011-10-30T10:16:19","modified_gmt":"2011-10-30T09:16:19","slug":"gutesiegel-startklar-fur-den-beruf-fur-die-schule-am-schloss","status":"publish","type":"post","link":"https:\/\/www.forum-soegel.de\/information\/2011\/11\/gutesiegel-startklar-fur-den-beruf-fur-die-schule-am-schloss\/","title":{"rendered":"G\u00fctesiegel &#8222;Startklar f\u00fcr den Beruf&#8220; f\u00fcr die Schule am Schloss"},"content":{"rendered":"<p>Die Schule am Schloss hatte sich im September 2011 f\u00fcr die Aktion &#8222;G\u00fctesiegel Startklar f\u00fcr den Beruf&#8220; beworben, da sie sich in ganz besonderer Weise f\u00fcr die Vorbereitung ihrer Sch\u00fcler\/Innen auf die Berufswelt engagiert.<\/p>\n<p>Fachbereichsleiter Uwe Hoormann hatte in seiner Dokumentation genau dargelegt, mit welchen Ma\u00dfnahmen die Schule am Schloss die Pers\u00f6nlichkeitskompetenz, die Fachkompetenz sowie Berufswahlkompetenz f\u00f6rdert bzw. st\u00e4rkt. Nach \u00dcberpr\u00fcfung und Bewertung dieser Dokumentation fand nun am Mittwoch, den 12.10.2011 eine Begehung der Schule durch die Jurykommission der Aktionsgemeinschaft G\u00fctesiegel Weser-Ems (Region Emsland) statt. Der Jury geh\u00f6rten an: Herr Reinhardt (Fa. Krone) Spelle, Herr Heyert (Volksbank Lingen), Herr Sch\u00f6ttler (Fa.Krone) Spelle, Herr Forbriger (Aktionsgemeinschaft G\u00fctesiegel) sowie Herr Bittigau (HRS Spelle).<\/p>\n<p>Nach der Begehung gab es ein ca. 90min\u00fctiges Gespr\u00e4ch mit den beteiligten Lehrkr\u00e4ften, den Elternratsvorsitzenden sowie den Sch\u00fclersprechern. Danach zog sich die Jury zur Beratung zur\u00fcck, um im Anschluss daran das Ergebnis bekannt zu geben und auch zu begr\u00fcnden. Die Schule am Schloss bekam die Zusage auf Ausstellung des G\u00fctesiegels. Die endg\u00fcltige feierliche \u00dcberreichung wird im November auf der Meyer-Werft in Papenburg stattfinden. Die Aktionsgemeinschaft G\u00fctesiegel Weser-Ems ist eine Initiative der Industrie- und Handelskammern und Handwerkskammern in der Region Weser-Ems in Zusammenarbeit mit der Landesschulbeh\u00f6rde, Abteilung Osnabr\u00fcck. Mit der Verleihung des G\u00fctesiegels werden die Aktivit\u00e4ten der Schule zur St\u00e4rkung der Ausbildungsf\u00e4higkeit der Sch\u00fcler gew\u00fcrdigt. Zu diesen Aktivit\u00e4ten z\u00e4hlen u.a.: die Beteiligung vieler F\u00e4cher an der Berufsvorbereitung und Berufswahl, die Zusammenarbeit mit den Betrieben sowie den Berufsbildenden Schulen, Betriebserkundigungen, Praktika, Projektunterricht sowie die Angebote der Wahlpfichtkurse.<\/p>\n<p>Text\/Foto: Gisela Arling\u00a0\u00a0\u00a0<\/p>\n<div id=\"attachment_6538\" style=\"width: 310px\" class=\"wp-caption alignnone\"><a href=\"https:\/\/www.forum-soegel.de\/information\/wp-content\/uploads\/2011\/10\/G\u00fctesiegel.jpg\"><img loading=\"lazy\" decoding=\"async\" aria-describedby=\"caption-attachment-6538\" class=\"size-medium wp-image-6538\" title=\"G\u00fctesiegel\" src=\"https:\/\/www.forum-soegel.de\/information\/wp-content\/uploads\/2011\/10\/G\u00fctesiegel-300x135.jpg\" alt=\"\" width=\"300\" height=\"135\" srcset=\"https:\/\/www.forum-soegel.de\/information\/wp-content\/uploads\/2011\/10\/G\u00fctesiegel-300x135.jpg 300w, https:\/\/www.forum-soegel.de\/information\/wp-content\/uploads\/2011\/10\/G\u00fctesiegel.jpg 1024w\" sizes=\"auto, (max-width: 300px) 100vw, 300px\" \/><\/a><p id=\"caption-attachment-6538\" class=\"wp-caption-text\">Auf dem Foto fehlen die Schulsprecher, da sie in den Unterricht mussten.<\/p><\/div>\n","protected":false},"excerpt":{"rendered":"Die Schule am Schloss hatte sich im September 2011 f\u00fcr die Aktion &#8222;G\u00fctesiegel Startklar f\u00fcr den Beruf&#8220; beworben, da sie sich in ganz besonderer Weise f\u00fcr die Vorbereitung ihrer Sch\u00fcler\/Innen auf die Berufswelt engagiert. Fachbereichsleiter Uwe Hoormann hatte in seiner Dokumentation genau dargelegt, mit welchen Ma\u00dfnahmen die Schule am Schloss die Pers\u00f6nlichkeitskompetenz, die Fachkompetenz sowie [&hellip;]\n","protected":false},"author":2,"featured_media":0,"comment_status":"closed","ping_status":"closed","sticky":false,"template":"","format":"standard","meta":{"ngg_post_thumbnail":0,"footnotes":""},"categories":[6],"tags":[],"class_list":["post-6537","post","type-post","status-publish","format-standard","hentry","category-aus-der-schule-geplaudert"],"_links":{"self":[{"href":"https:\/\/www.forum-soegel.de\/information\/wp-json\/wp\/v2\/posts\/6537","targetHints":{"allow":["GET"]}}],"collection":[{"href":"https:\/\/www.forum-soegel.de\/information\/wp-json\/wp\/v2\/posts"}],"about":[{"href":"https:\/\/www.forum-soegel.de\/information\/wp-json\/wp\/v2\/types\/post"}],"author":[{"embeddable":true,"href":"https:\/\/www.forum-soegel.de\/information\/wp-json\/wp\/v2\/users\/2"}],"replies":[{"embeddable":true,"href":"https:\/\/www.forum-soegel.de\/information\/wp-json\/wp\/v2\/comments?post=6537"}],"version-history":[{"count":1,"href":"https:\/\/www.forum-soegel.de\/information\/wp-json\/wp\/v2\/posts\/6537\/revisions"}],"predecessor-version":[{"id":6539,"href":"https:\/\/www.forum-soegel.de\/information\/wp-json\/wp\/v2\/posts\/6537\/revisions\/6539"}],"wp:attachment":[{"href":"https:\/\/www.forum-soegel.de\/information\/wp-json\/wp\/v2\/media?parent=6537"}],"wp:term":[{"taxonomy":"category","embeddable":true,"href":"https:\/\/www.forum-soegel.de\/information\/wp-json\/wp\/v2\/categories?post=6537"},{"taxonomy":"post_tag","embeddable":true,"href":"https:\/\/www.forum-soegel.de\/information\/wp-json\/wp\/v2\/tags?post=6537"}],"curies":[{"name":"wp","href":"https:\/\/api.w.org\/{rel}","templated":true}]}}