{"id":6534,"date":"2011-11-01T00:12:23","date_gmt":"2011-10-31T23:12:23","guid":{"rendered":"https:\/\/www.forum-soegel.de\/information\/?p=6534"},"modified":"2011-10-30T10:14:30","modified_gmt":"2011-10-30T09:14:30","slug":"bischof-in-werpeloher-grundschule-zu-gast","status":"publish","type":"post","link":"https:\/\/www.forum-soegel.de\/information\/2011\/11\/bischof-in-werpeloher-grundschule-zu-gast\/","title":{"rendered":"Bischof in Werpeloher Grundschule zu Gast"},"content":{"rendered":"<p>\u00a0\u201eya\u2019ahown\u201c hei\u00dft in der Bataksprache \u201eHallo\u201c und \u201eSelamat\u00a0 jalan\u201c hei\u00dft \u201eAuf Wiedersehen\u201c, das wissen die Sch\u00fcler der Grundschule Werpeloh jetzt aus erster Hand. Bischof Ludovicus aus Sumatra war in der Schule zu Gast und berichtete den Sch\u00fclern, wie die Spendengelder der Sch\u00fcler in deren Partnerschule \u201eStern des Meeres\u201c in Teluk dalam verwendet worden sind.<\/p>\n<p>Die Werpeloher Grundsch\u00fcler zeigten sich erfreut, dass mit ihrem Geld in der Partnerschule ein Computerraum eingerichtet werden konnte. Au\u00dferdem werden kinderreiche Familien mit einer Schulgeldunterst\u00fctzung bedacht.\u00a0 Als Dank f\u00fcr die Spenden aus Werpeloh \u00fcberreichte Bischof Ludovicos allen Kindern und Lehrerinnen einen Missionskalender, auf dem \u00a0auch Kinder der Partnerschule abgebildet sind. Grundschulleiterin Maria M\u00fcller und B\u00fcrgermeister Hermann Grotjohann bedankten sich im Namen der Schule und der Gemeinde Werpeloh f\u00fcr den Besuch. \u201eEs ist uns eine Ehre, dass der Bischof unter anderem auch f\u00fcr die Gemeinde Werpeloh eine solch lange Reise angetreten ist.\u201c<\/p>\n<p>Text: IC \/ Foto: Gemeinde S\u00f6gel<\/p>\n<p><a href=\"https:\/\/www.forum-soegel.de\/information\/wp-content\/uploads\/2011\/10\/GS-Werpeloh-Besuch-Bischof-Batak.jpg\"><img loading=\"lazy\" decoding=\"async\" class=\"alignnone size-medium wp-image-6535\" title=\"GS Werpeloh Besuch Bischof Batak\" src=\"https:\/\/www.forum-soegel.de\/information\/wp-content\/uploads\/2011\/10\/GS-Werpeloh-Besuch-Bischof-Batak-300x225.jpg\" alt=\"\" width=\"300\" height=\"225\" srcset=\"https:\/\/www.forum-soegel.de\/information\/wp-content\/uploads\/2011\/10\/GS-Werpeloh-Besuch-Bischof-Batak-300x225.jpg 300w, https:\/\/www.forum-soegel.de\/information\/wp-content\/uploads\/2011\/10\/GS-Werpeloh-Besuch-Bischof-Batak.jpg 1024w\" sizes=\"auto, (max-width: 300px) 100vw, 300px\" \/><\/a><\/p>\n","protected":false},"excerpt":{"rendered":"\u00a0\u201eya\u2019ahown\u201c hei\u00dft in der Bataksprache \u201eHallo\u201c und \u201eSelamat\u00a0 jalan\u201c hei\u00dft \u201eAuf Wiedersehen\u201c, das wissen die Sch\u00fcler der Grundschule Werpeloh jetzt aus erster Hand. Bischof Ludovicus aus Sumatra war in der Schule zu Gast und berichtete den Sch\u00fclern, wie die Spendengelder der Sch\u00fcler in deren Partnerschule \u201eStern des Meeres\u201c in Teluk dalam verwendet worden sind. Die [&hellip;]\n","protected":false},"author":2,"featured_media":0,"comment_status":"closed","ping_status":"closed","sticky":false,"template":"","format":"standard","meta":{"ngg_post_thumbnail":0,"footnotes":""},"categories":[6],"tags":[],"class_list":["post-6534","post","type-post","status-publish","format-standard","hentry","category-aus-der-schule-geplaudert"],"_links":{"self":[{"href":"https:\/\/www.forum-soegel.de\/information\/wp-json\/wp\/v2\/posts\/6534","targetHints":{"allow":["GET"]}}],"collection":[{"href":"https:\/\/www.forum-soegel.de\/information\/wp-json\/wp\/v2\/posts"}],"about":[{"href":"https:\/\/www.forum-soegel.de\/information\/wp-json\/wp\/v2\/types\/post"}],"author":[{"embeddable":true,"href":"https:\/\/www.forum-soegel.de\/information\/wp-json\/wp\/v2\/users\/2"}],"replies":[{"embeddable":true,"href":"https:\/\/www.forum-soegel.de\/information\/wp-json\/wp\/v2\/comments?post=6534"}],"version-history":[{"count":1,"href":"https:\/\/www.forum-soegel.de\/information\/wp-json\/wp\/v2\/posts\/6534\/revisions"}],"predecessor-version":[{"id":6536,"href":"https:\/\/www.forum-soegel.de\/information\/wp-json\/wp\/v2\/posts\/6534\/revisions\/6536"}],"wp:attachment":[{"href":"https:\/\/www.forum-soegel.de\/information\/wp-json\/wp\/v2\/media?parent=6534"}],"wp:term":[{"taxonomy":"category","embeddable":true,"href":"https:\/\/www.forum-soegel.de\/information\/wp-json\/wp\/v2\/categories?post=6534"},{"taxonomy":"post_tag","embeddable":true,"href":"https:\/\/www.forum-soegel.de\/information\/wp-json\/wp\/v2\/tags?post=6534"}],"curies":[{"name":"wp","href":"https:\/\/api.w.org\/{rel}","templated":true}]}}