{"id":648,"date":"2010-03-03T21:30:45","date_gmt":"2010-03-03T19:30:45","guid":{"rendered":"https:\/\/www.forum-soegel.de\/information\/?p=648"},"modified":"2010-03-17T19:42:45","modified_gmt":"2010-03-17T17:42:45","slug":"gratulation-zur-eroffnung-des-baudis-in-sogel","status":"publish","type":"post","link":"https:\/\/www.forum-soegel.de\/information\/2010\/03\/gratulation-zur-eroffnung-des-baudis-in-sogel\/","title":{"rendered":"Gratulation zur Er\u00f6ffnung des Baudis in S\u00f6gel"},"content":{"rendered":"<p>Am 29. 01. 2010 wurde der neue Baudiscounter \u201eBaudi\u201c an der Wahner Stra\u00dfe (ehemals Combi-Markt) in einer kleinen Feierstunde er\u00f6ffnet. Filialleiter Theo Bruns und seine f\u00fcnf Mitarbeiter stellten den Ehreng\u00e4sten das Warenangebot vor. Auf insgesamt 1.300 qm Ladenfl\u00e4che ist ein umfangreiches Sortiment rund um die Bereiche Bau, Haushalt und Garten der Baudiscountkette \u201eBaudi\u201c dargeboten. Gl\u00fcckw\u00fcnsche zur Er\u00f6ffnung \u00fcberbrachten Theo Janssen, Gemeinedirektor G\u00fcnter Wigbers und stellv. B\u00fcrgermeister Karl Steinbild sowie Valerie Klippert und Ronald Br\u00e4utigam (HGV S\u00f6gel). Am Am Samstag den 30.01. \u00f6ffnet der Discounter dann erstmals offiziell die T\u00fcren, und am Sonntag bestand die M\u00f6glichkeit zum Eintritt bei einem \u201eTag der offenen T\u00fcr\u201c. Der Malteser Hilfsdienst bot den Kunden im Eingangsbereich ein Erbsensuppenessen an. Der Erl\u00f6s kam den Opfern in Haiti zu Gute.<\/p>\n<p>TextFoto: IC<\/p>\n<p><a href=\"https:\/\/www.forum-soegel.de\/information\/wp-content\/uploads\/2010\/03\/BaudiEr\u00f6ffnung1.jpg\"><img loading=\"lazy\" decoding=\"async\" class=\"alignnone size-medium wp-image-1051\" title=\"BaudiEr\u00f6ffnung\" src=\"https:\/\/www.forum-soegel.de\/information\/wp-content\/uploads\/2010\/03\/BaudiEr\u00f6ffnung1-300x225.jpg\" alt=\"\" width=\"300\" height=\"225\" srcset=\"https:\/\/www.forum-soegel.de\/information\/wp-content\/uploads\/2010\/03\/BaudiEr\u00f6ffnung1-300x225.jpg 300w, https:\/\/www.forum-soegel.de\/information\/wp-content\/uploads\/2010\/03\/BaudiEr\u00f6ffnung1.jpg 1024w\" sizes=\"auto, (max-width: 300px) 100vw, 300px\" \/><\/a><\/p>\n","protected":false},"excerpt":{"rendered":"Am 29. 01. 2010 wurde der neue Baudiscounter \u201eBaudi\u201c an der Wahner Stra\u00dfe (ehemals Combi-Markt) in einer kleinen Feierstunde er\u00f6ffnet. Filialleiter Theo Bruns und seine f\u00fcnf Mitarbeiter stellten den Ehreng\u00e4sten das Warenangebot vor. Auf insgesamt 1.300 qm Ladenfl\u00e4che ist ein umfangreiches Sortiment rund um die Bereiche Bau, Haushalt und Garten der Baudiscountkette \u201eBaudi\u201c dargeboten. Gl\u00fcckw\u00fcnsche [&hellip;]\n","protected":false},"author":2,"featured_media":0,"comment_status":"closed","ping_status":"closed","sticky":false,"template":"","format":"standard","meta":{"ngg_post_thumbnail":0,"footnotes":""},"categories":[4],"tags":[173,174],"class_list":["post-648","post","type-post","status-publish","format-standard","hentry","category-aus-der-geschaftswelt","tag-baudi","tag-hgv-sogel"],"_links":{"self":[{"href":"https:\/\/www.forum-soegel.de\/information\/wp-json\/wp\/v2\/posts\/648","targetHints":{"allow":["GET"]}}],"collection":[{"href":"https:\/\/www.forum-soegel.de\/information\/wp-json\/wp\/v2\/posts"}],"about":[{"href":"https:\/\/www.forum-soegel.de\/information\/wp-json\/wp\/v2\/types\/post"}],"author":[{"embeddable":true,"href":"https:\/\/www.forum-soegel.de\/information\/wp-json\/wp\/v2\/users\/2"}],"replies":[{"embeddable":true,"href":"https:\/\/www.forum-soegel.de\/information\/wp-json\/wp\/v2\/comments?post=648"}],"version-history":[{"count":3,"href":"https:\/\/www.forum-soegel.de\/information\/wp-json\/wp\/v2\/posts\/648\/revisions"}],"predecessor-version":[{"id":1050,"href":"https:\/\/www.forum-soegel.de\/information\/wp-json\/wp\/v2\/posts\/648\/revisions\/1050"}],"wp:attachment":[{"href":"https:\/\/www.forum-soegel.de\/information\/wp-json\/wp\/v2\/media?parent=648"}],"wp:term":[{"taxonomy":"category","embeddable":true,"href":"https:\/\/www.forum-soegel.de\/information\/wp-json\/wp\/v2\/categories?post=648"},{"taxonomy":"post_tag","embeddable":true,"href":"https:\/\/www.forum-soegel.de\/information\/wp-json\/wp\/v2\/tags?post=648"}],"curies":[{"name":"wp","href":"https:\/\/api.w.org\/{rel}","templated":true}]}}