{"id":645,"date":"2010-03-03T21:25:00","date_gmt":"2010-03-03T19:25:00","guid":{"rendered":"https:\/\/www.forum-soegel.de\/information\/?p=645"},"modified":"2010-03-17T19:45:47","modified_gmt":"2010-03-17T17:45:47","slug":"das-muss-mal-gesagt-werden-%e2%80%9eein-jeder-kehre-vor-seiner-tur%e2%80%9c","status":"publish","type":"post","link":"https:\/\/www.forum-soegel.de\/information\/2010\/03\/das-muss-mal-gesagt-werden-%e2%80%9eein-jeder-kehre-vor-seiner-tur%e2%80%9c\/","title":{"rendered":"Das muss mal gesagt werden: \u201eEin jeder kehre vor seiner T\u00fcr\u201c"},"content":{"rendered":"<p>Dieser bedeutungsvolle Satz von Johann Wolfgang von Goethe hat in diesen Wintertagen einen besonderen Stellenwert. Er wird allerdings von einigen B\u00fcrgern der Gemeinde nicht ganz so w\u00f6rtlich genommen. Umso erfreulicher empfinden wir es, dass dennoch \u201ekeine R\u00e4der stillstehen.\u201c \u2013 auch das im wahrsten Sinne des Wortes. Ganz ma\u00dfgeblich zu verdanken haben wir das den flei\u00dfigen M\u00e4nnern des Bauhof S\u00f6gel, die in ihren orangefarbenen Anz\u00fcgen teilweise rund um die Uhr im Einsatz sind, damit wir uns \u00fcberhaupt noch auf den Stra\u00dfen\u00a0 bewegen k\u00f6nnen. Rund um die Uhr hei\u00dft in den letzten Wochen auch am Samstag und Sonntag. Nicht nur, aber besonders deshalb wollen wir an dieser Stelle ein ganz gro\u00dfes Dankesch\u00f6n aussprechen.<\/p>\n<p>Text\/Foto:KS<\/p>\n<div id=\"attachment_1054\" style=\"width: 310px\" class=\"wp-caption alignnone\"><a href=\"https:\/\/www.forum-soegel.de\/information\/wp-content\/uploads\/2010\/03\/ein-jeder-kehre...1.jpg\"><img loading=\"lazy\" decoding=\"async\" aria-describedby=\"caption-attachment-1054\" class=\"size-medium wp-image-1054\" title=\"ein jeder kehre...\" src=\"https:\/\/www.forum-soegel.de\/information\/wp-content\/uploads\/2010\/03\/ein-jeder-kehre...1-300x225.jpg\" alt=\"\" width=\"300\" height=\"225\" srcset=\"https:\/\/www.forum-soegel.de\/information\/wp-content\/uploads\/2010\/03\/ein-jeder-kehre...1-300x225.jpg 300w, https:\/\/www.forum-soegel.de\/information\/wp-content\/uploads\/2010\/03\/ein-jeder-kehre...1.jpg 1024w\" sizes=\"auto, (max-width: 300px) 100vw, 300px\" \/><\/a><p id=\"caption-attachment-1054\" class=\"wp-caption-text\">von links Siegfried Grotjohann, Bernhard Hemmen, J\u00fcrgen Anders, Bernd Ostermann und Reinhard Sewerin<\/p><\/div>\n","protected":false},"excerpt":{"rendered":"Dieser bedeutungsvolle Satz von Johann Wolfgang von Goethe hat in diesen Wintertagen einen besonderen Stellenwert. Er wird allerdings von einigen B\u00fcrgern der Gemeinde nicht ganz so w\u00f6rtlich genommen. Umso erfreulicher empfinden wir es, dass dennoch \u201ekeine R\u00e4der stillstehen.\u201c \u2013 auch das im wahrsten Sinne des Wortes. Ganz ma\u00dfgeblich zu verdanken haben wir das den flei\u00dfigen [&hellip;]\n","protected":false},"author":2,"featured_media":0,"comment_status":"closed","ping_status":"closed","sticky":false,"template":"","format":"standard","meta":{"ngg_post_thumbnail":0,"footnotes":""},"categories":[27],"tags":[172],"class_list":["post-645","post","type-post","status-publish","format-standard","hentry","category-das-muss-mal-gesagt-werden","tag-bauhof"],"_links":{"self":[{"href":"https:\/\/www.forum-soegel.de\/information\/wp-json\/wp\/v2\/posts\/645","targetHints":{"allow":["GET"]}}],"collection":[{"href":"https:\/\/www.forum-soegel.de\/information\/wp-json\/wp\/v2\/posts"}],"about":[{"href":"https:\/\/www.forum-soegel.de\/information\/wp-json\/wp\/v2\/types\/post"}],"author":[{"embeddable":true,"href":"https:\/\/www.forum-soegel.de\/information\/wp-json\/wp\/v2\/users\/2"}],"replies":[{"embeddable":true,"href":"https:\/\/www.forum-soegel.de\/information\/wp-json\/wp\/v2\/comments?post=645"}],"version-history":[{"count":3,"href":"https:\/\/www.forum-soegel.de\/information\/wp-json\/wp\/v2\/posts\/645\/revisions"}],"predecessor-version":[{"id":1053,"href":"https:\/\/www.forum-soegel.de\/information\/wp-json\/wp\/v2\/posts\/645\/revisions\/1053"}],"wp:attachment":[{"href":"https:\/\/www.forum-soegel.de\/information\/wp-json\/wp\/v2\/media?parent=645"}],"wp:term":[{"taxonomy":"category","embeddable":true,"href":"https:\/\/www.forum-soegel.de\/information\/wp-json\/wp\/v2\/categories?post=645"},{"taxonomy":"post_tag","embeddable":true,"href":"https:\/\/www.forum-soegel.de\/information\/wp-json\/wp\/v2\/tags?post=645"}],"curies":[{"name":"wp","href":"https:\/\/api.w.org\/{rel}","templated":true}]}}