{"id":6448,"date":"2011-11-01T00:35:58","date_gmt":"2011-10-31T22:35:58","guid":{"rendered":"https:\/\/www.forum-soegel.de\/information\/?p=6448"},"modified":"2012-10-03T10:30:27","modified_gmt":"2012-10-03T08:30:27","slug":"neue-koordinatorin-fur-den-palliativstutzpunkt-nordliches-emsland","status":"publish","type":"post","link":"https:\/\/www.forum-soegel.de\/information\/2011\/11\/neue-koordinatorin-fur-den-palliativstutzpunkt-nordliches-emsland\/","title":{"rendered":"Neue Koordinatorin f\u00fcr den Palliativst\u00fctzpunkt N\u00f6rdliches Emsland"},"content":{"rendered":"<p><a href=\"https:\/\/www.forum-soegel.de\/information\/wp-content\/uploads\/2011\/11\/Neue-Koordinatorin-f\u00fcr-den-Palliativst\u00fctzpunkt-N\u00f6rdliches-Emsland.jpg\"><img loading=\"lazy\" decoding=\"async\" class=\"alignleft size-medium wp-image-6450\" title=\"Neue Koordinatorin f\u00fcr den Palliativst\u00fctzpunkt N\u00f6rdliches Emsland\" src=\"https:\/\/www.forum-soegel.de\/information\/wp-content\/uploads\/2011\/11\/Neue-Koordinatorin-f\u00fcr-den-Palliativst\u00fctzpunkt-N\u00f6rdliches-Emsland-300x199.jpg\" alt=\"\" width=\"300\" height=\"199\" srcset=\"https:\/\/www.forum-soegel.de\/information\/wp-content\/uploads\/2011\/11\/Neue-Koordinatorin-f\u00fcr-den-Palliativst\u00fctzpunkt-N\u00f6rdliches-Emsland-300x199.jpg 300w, https:\/\/www.forum-soegel.de\/information\/wp-content\/uploads\/2011\/11\/Neue-Koordinatorin-f\u00fcr-den-Palliativst\u00fctzpunkt-N\u00f6rdliches-Emsland.jpg 1024w\" sizes=\"auto, (max-width: 300px) 100vw, 300px\" \/><\/a>Seit dem 1. Oktober 2011 ist die Koordination des Palliativst\u00fctzpunktes N\u00f6rdliches Emsland in neuen H\u00e4nden: Symbolisch \u00fcbergibt Frau Anne Rameil bzw. die Koordination des Palliativst\u00fctzpunktes N\u00f6rdliches Emsland an ihre Nachfolgerin Frau Martina Mensen.<\/p>\n<p>Seit Juni 2007 ist am H\u00fcmmling Krankenhaus S\u00f6gel der vom Land Niedersachsen anerkannte Palliativst\u00fctzpunkt N\u00f6rdliches Emsland angesiedelt.<\/p>\n<p>Einen ausf\u00fchrlichen Bericht lesen Sie im n\u00e4chsten Monat.<\/p>\n","protected":false},"excerpt":{"rendered":"Seit dem 1. Oktober 2011 ist die Koordination des Palliativst\u00fctzpunktes N\u00f6rdliches Emsland in neuen H\u00e4nden: Symbolisch \u00fcbergibt Frau Anne Rameil bzw. die Koordination des Palliativst\u00fctzpunktes N\u00f6rdliches Emsland an ihre Nachfolgerin Frau Martina Mensen. Seit Juni 2007 ist am H\u00fcmmling Krankenhaus S\u00f6gel der vom Land Niedersachsen anerkannte Palliativst\u00fctzpunkt N\u00f6rdliches Emsland angesiedelt. Einen ausf\u00fchrlichen Bericht lesen Sie [&hellip;]\n","protected":false},"author":2,"featured_media":0,"comment_status":"closed","ping_status":"closed","sticky":false,"template":"","format":"standard","meta":{"ngg_post_thumbnail":0,"footnotes":""},"categories":[25],"tags":[95,748],"class_list":["post-6448","post","type-post","status-publish","format-standard","hentry","category-hauptsache-gesund","tag-hummling-krankenhaus","tag-palliativstutzpunkt"],"_links":{"self":[{"href":"https:\/\/www.forum-soegel.de\/information\/wp-json\/wp\/v2\/posts\/6448","targetHints":{"allow":["GET"]}}],"collection":[{"href":"https:\/\/www.forum-soegel.de\/information\/wp-json\/wp\/v2\/posts"}],"about":[{"href":"https:\/\/www.forum-soegel.de\/information\/wp-json\/wp\/v2\/types\/post"}],"author":[{"embeddable":true,"href":"https:\/\/www.forum-soegel.de\/information\/wp-json\/wp\/v2\/users\/2"}],"replies":[{"embeddable":true,"href":"https:\/\/www.forum-soegel.de\/information\/wp-json\/wp\/v2\/comments?post=6448"}],"version-history":[{"count":3,"href":"https:\/\/www.forum-soegel.de\/information\/wp-json\/wp\/v2\/posts\/6448\/revisions"}],"predecessor-version":[{"id":9246,"href":"https:\/\/www.forum-soegel.de\/information\/wp-json\/wp\/v2\/posts\/6448\/revisions\/9246"}],"wp:attachment":[{"href":"https:\/\/www.forum-soegel.de\/information\/wp-json\/wp\/v2\/media?parent=6448"}],"wp:term":[{"taxonomy":"category","embeddable":true,"href":"https:\/\/www.forum-soegel.de\/information\/wp-json\/wp\/v2\/categories?post=6448"},{"taxonomy":"post_tag","embeddable":true,"href":"https:\/\/www.forum-soegel.de\/information\/wp-json\/wp\/v2\/tags?post=6448"}],"curies":[{"name":"wp","href":"https:\/\/api.w.org\/{rel}","templated":true}]}}