{"id":6426,"date":"2011-11-01T00:16:50","date_gmt":"2011-10-31T22:16:50","guid":{"rendered":"https:\/\/www.forum-soegel.de\/information\/?p=6426"},"modified":"2011-10-23T18:17:31","modified_gmt":"2011-10-23T16:17:31","slug":"jugendzentrum-alte-post","status":"publish","type":"post","link":"https:\/\/www.forum-soegel.de\/information\/2011\/11\/jugendzentrum-alte-post\/","title":{"rendered":"Jugendzentrum Alte Post"},"content":{"rendered":"<p>Das Bundesamt f\u00fcr Familie und zivilgesellschaftliche Aufgaben, K\u00f6ln, hat die offene Jugendarbeit \/ Jugendpflege der Gemeinde S\u00f6gel vorl\u00e4ufig als Einsatzstelle im Bundesfreiwilligendienst anerkannt. Ab dem 01.11.2011 wird ein freiwilliger Jugendlicher zur Unterst\u00fctzung des Jugendpflegers Wolfgang Knese eingesetzt.<\/p>\n<p>Der genaue Termin der Er\u00f6ffnung und Einweihung des Jugendzentrums l\u00e4sst sich noch nicht exakt festlegen, da zun\u00e4chst die Folgen eines Wasserschadens im Keller des Geb\u00e4udes zu beseitigen sind.<\/p>\n","protected":false},"excerpt":{"rendered":"Das Bundesamt f\u00fcr Familie und zivilgesellschaftliche Aufgaben, K\u00f6ln, hat die offene Jugendarbeit \/ Jugendpflege der Gemeinde S\u00f6gel vorl\u00e4ufig als Einsatzstelle im Bundesfreiwilligendienst anerkannt. Ab dem 01.11.2011 wird ein freiwilliger Jugendlicher zur Unterst\u00fctzung des Jugendpflegers Wolfgang Knese eingesetzt. Der genaue Termin der Er\u00f6ffnung und Einweihung des Jugendzentrums l\u00e4sst sich noch nicht exakt festlegen, da zun\u00e4chst die [&hellip;]\n","protected":false},"author":2,"featured_media":0,"comment_status":"closed","ping_status":"closed","sticky":false,"template":"","format":"standard","meta":{"ngg_post_thumbnail":0,"footnotes":""},"categories":[10],"tags":[],"class_list":["post-6426","post","type-post","status-publish","format-standard","hentry","category-rat-und-verwaltung-informieren"],"_links":{"self":[{"href":"https:\/\/www.forum-soegel.de\/information\/wp-json\/wp\/v2\/posts\/6426","targetHints":{"allow":["GET"]}}],"collection":[{"href":"https:\/\/www.forum-soegel.de\/information\/wp-json\/wp\/v2\/posts"}],"about":[{"href":"https:\/\/www.forum-soegel.de\/information\/wp-json\/wp\/v2\/types\/post"}],"author":[{"embeddable":true,"href":"https:\/\/www.forum-soegel.de\/information\/wp-json\/wp\/v2\/users\/2"}],"replies":[{"embeddable":true,"href":"https:\/\/www.forum-soegel.de\/information\/wp-json\/wp\/v2\/comments?post=6426"}],"version-history":[{"count":1,"href":"https:\/\/www.forum-soegel.de\/information\/wp-json\/wp\/v2\/posts\/6426\/revisions"}],"predecessor-version":[{"id":6427,"href":"https:\/\/www.forum-soegel.de\/information\/wp-json\/wp\/v2\/posts\/6426\/revisions\/6427"}],"wp:attachment":[{"href":"https:\/\/www.forum-soegel.de\/information\/wp-json\/wp\/v2\/media?parent=6426"}],"wp:term":[{"taxonomy":"category","embeddable":true,"href":"https:\/\/www.forum-soegel.de\/information\/wp-json\/wp\/v2\/categories?post=6426"},{"taxonomy":"post_tag","embeddable":true,"href":"https:\/\/www.forum-soegel.de\/information\/wp-json\/wp\/v2\/tags?post=6426"}],"curies":[{"name":"wp","href":"https:\/\/api.w.org\/{rel}","templated":true}]}}