{"id":6421,"date":"2011-11-01T00:12:40","date_gmt":"2011-10-31T22:12:40","guid":{"rendered":"https:\/\/www.forum-soegel.de\/information\/?p=6421"},"modified":"2011-10-23T18:13:29","modified_gmt":"2011-10-23T16:13:29","slug":"baustelle-in-der-ortsmitte","status":"publish","type":"post","link":"https:\/\/www.forum-soegel.de\/information\/2011\/11\/baustelle-in-der-ortsmitte\/","title":{"rendered":"Baustelle in der Ortsmitte"},"content":{"rendered":"<p>Die Bauarbeiten in unserem Ortskern schreiten gut voran. Dennoch dauert es noch einige Wochen, bis die neue Stra\u00dfenf\u00fchrung f\u00fcr den Pkw-Verkehr freigegeben werden kann. Noch h\u00e4lt die Gemeinde an einem Fertigstellungstermin Ende November fest.<\/p>\n","protected":false},"excerpt":{"rendered":"Die Bauarbeiten in unserem Ortskern schreiten gut voran. Dennoch dauert es noch einige Wochen, bis die neue Stra\u00dfenf\u00fchrung f\u00fcr den Pkw-Verkehr freigegeben werden kann. Noch h\u00e4lt die Gemeinde an einem Fertigstellungstermin Ende November fest.\n","protected":false},"author":2,"featured_media":0,"comment_status":"closed","ping_status":"closed","sticky":false,"template":"","format":"standard","meta":{"ngg_post_thumbnail":0,"footnotes":""},"categories":[10],"tags":[],"class_list":["post-6421","post","type-post","status-publish","format-standard","hentry","category-rat-und-verwaltung-informieren"],"_links":{"self":[{"href":"https:\/\/www.forum-soegel.de\/information\/wp-json\/wp\/v2\/posts\/6421","targetHints":{"allow":["GET"]}}],"collection":[{"href":"https:\/\/www.forum-soegel.de\/information\/wp-json\/wp\/v2\/posts"}],"about":[{"href":"https:\/\/www.forum-soegel.de\/information\/wp-json\/wp\/v2\/types\/post"}],"author":[{"embeddable":true,"href":"https:\/\/www.forum-soegel.de\/information\/wp-json\/wp\/v2\/users\/2"}],"replies":[{"embeddable":true,"href":"https:\/\/www.forum-soegel.de\/information\/wp-json\/wp\/v2\/comments?post=6421"}],"version-history":[{"count":1,"href":"https:\/\/www.forum-soegel.de\/information\/wp-json\/wp\/v2\/posts\/6421\/revisions"}],"predecessor-version":[{"id":6422,"href":"https:\/\/www.forum-soegel.de\/information\/wp-json\/wp\/v2\/posts\/6421\/revisions\/6422"}],"wp:attachment":[{"href":"https:\/\/www.forum-soegel.de\/information\/wp-json\/wp\/v2\/media?parent=6421"}],"wp:term":[{"taxonomy":"category","embeddable":true,"href":"https:\/\/www.forum-soegel.de\/information\/wp-json\/wp\/v2\/categories?post=6421"},{"taxonomy":"post_tag","embeddable":true,"href":"https:\/\/www.forum-soegel.de\/information\/wp-json\/wp\/v2\/tags?post=6421"}],"curies":[{"name":"wp","href":"https:\/\/api.w.org\/{rel}","templated":true}]}}