{"id":6418,"date":"2011-11-01T00:09:50","date_gmt":"2011-10-31T22:09:50","guid":{"rendered":"https:\/\/www.forum-soegel.de\/information\/?p=6418"},"modified":"2011-10-23T18:11:15","modified_gmt":"2011-10-23T16:11:15","slug":"einladung-zur-teilnahme-an-gedenkveranstaltungen","status":"publish","type":"post","link":"https:\/\/www.forum-soegel.de\/information\/2011\/11\/einladung-zur-teilnahme-an-gedenkveranstaltungen\/","title":{"rendered":"Einladung zur Teilnahme an Gedenkveranstaltungen"},"content":{"rendered":"<ul>\n<li>Am Mittwoch, dem 09. November 2011, werden in der Gemeinde S\u00f6gel erstmals sogenannte Stolpersteine von dem K\u00f6lner K\u00fcnstler Gunter Demnig in der \u201eAlte Poststra\u00dfe\u201c zum Gedenken an die Familie Bertha Jacobs und im Anschluss daran in der Stra\u00dfe \u201eAm Pohlkamp 10\u201c zum Gedenken an die Familie Gottfried Gr\u00fcnberg und daran anschlie\u00dfend in derselben Stra\u00dfe bei der Haus-Nr. 6 zum Gedenken an die Familie Isidor Gr\u00fcnberg verlegt. Im Anschluss daran ist die Gedenkveranstaltung anl\u00e4sslich des <strong>Jahrestages der Reichsprogromnacht<\/strong> am Denkmal in der Stra\u00dfe \u201eAm Pohlkamp\u201c vorgesehen. Dazu ist die gesamte Bev\u00f6lkerung ebenso wie zu der anschlie\u00dfenden Kaffeetafel im Heimathaus eingeladen.<\/li>\n<li>Am <strong>Volkstrauertag<\/strong> (Sonntag, 13. November) findet um 11.15 Uhr die Gedenkfeier f\u00fcr die Opfer von Krieg und Gewaltherrschaft auf dem Friedhof statt. Auch hierzu ist die gesamte Bev\u00f6lkerung herzlich eingeladen.<\/li>\n<\/ul>\n","protected":false},"excerpt":{"rendered":"Am Mittwoch, dem 09. November 2011, werden in der Gemeinde S\u00f6gel erstmals sogenannte Stolpersteine von dem K\u00f6lner K\u00fcnstler Gunter Demnig in der \u201eAlte Poststra\u00dfe\u201c zum Gedenken an die Familie Bertha Jacobs und im Anschluss daran in der Stra\u00dfe \u201eAm Pohlkamp 10\u201c zum Gedenken an die Familie Gottfried Gr\u00fcnberg und daran anschlie\u00dfend in derselben Stra\u00dfe bei [&hellip;]\n","protected":false},"author":2,"featured_media":0,"comment_status":"closed","ping_status":"closed","sticky":false,"template":"","format":"standard","meta":{"ngg_post_thumbnail":0,"footnotes":""},"categories":[10],"tags":[],"class_list":["post-6418","post","type-post","status-publish","format-standard","hentry","category-rat-und-verwaltung-informieren"],"_links":{"self":[{"href":"https:\/\/www.forum-soegel.de\/information\/wp-json\/wp\/v2\/posts\/6418","targetHints":{"allow":["GET"]}}],"collection":[{"href":"https:\/\/www.forum-soegel.de\/information\/wp-json\/wp\/v2\/posts"}],"about":[{"href":"https:\/\/www.forum-soegel.de\/information\/wp-json\/wp\/v2\/types\/post"}],"author":[{"embeddable":true,"href":"https:\/\/www.forum-soegel.de\/information\/wp-json\/wp\/v2\/users\/2"}],"replies":[{"embeddable":true,"href":"https:\/\/www.forum-soegel.de\/information\/wp-json\/wp\/v2\/comments?post=6418"}],"version-history":[{"count":2,"href":"https:\/\/www.forum-soegel.de\/information\/wp-json\/wp\/v2\/posts\/6418\/revisions"}],"predecessor-version":[{"id":6420,"href":"https:\/\/www.forum-soegel.de\/information\/wp-json\/wp\/v2\/posts\/6418\/revisions\/6420"}],"wp:attachment":[{"href":"https:\/\/www.forum-soegel.de\/information\/wp-json\/wp\/v2\/media?parent=6418"}],"wp:term":[{"taxonomy":"category","embeddable":true,"href":"https:\/\/www.forum-soegel.de\/information\/wp-json\/wp\/v2\/categories?post=6418"},{"taxonomy":"post_tag","embeddable":true,"href":"https:\/\/www.forum-soegel.de\/information\/wp-json\/wp\/v2\/tags?post=6418"}],"curies":[{"name":"wp","href":"https:\/\/api.w.org\/{rel}","templated":true}]}}