{"id":6416,"date":"2011-11-01T00:08:51","date_gmt":"2011-10-31T22:08:51","guid":{"rendered":"https:\/\/www.forum-soegel.de\/information\/?p=6416"},"modified":"2011-10-23T18:09:44","modified_gmt":"2011-10-23T16:09:44","slug":"dank-an-wahlhelfer-innen","status":"publish","type":"post","link":"https:\/\/www.forum-soegel.de\/information\/2011\/11\/dank-an-wahlhelfer-innen\/","title":{"rendered":"Dank an Wahlhelfer\/-innen"},"content":{"rendered":"<p>Gemeindewahlleiter Hans Nowak sowie dessen Stellvertreter Ludwig Schmitz bedanken sich bei allen ehrenamtlichen Wahlhelferinnen und Wahlhelfern, die in bew\u00e4hrter Manier dazu beigetragen haben, dass die Kommunalwahlen ordnungsgem\u00e4\u00df und z\u00fcgig abgewickelt werden konnten. Es hat sich einmal mehr gezeigt, wie wichtig ehrenamtliches Engagement ist.<\/p>\n","protected":false},"excerpt":{"rendered":"Gemeindewahlleiter Hans Nowak sowie dessen Stellvertreter Ludwig Schmitz bedanken sich bei allen ehrenamtlichen Wahlhelferinnen und Wahlhelfern, die in bew\u00e4hrter Manier dazu beigetragen haben, dass die Kommunalwahlen ordnungsgem\u00e4\u00df und z\u00fcgig abgewickelt werden konnten. Es hat sich einmal mehr gezeigt, wie wichtig ehrenamtliches Engagement ist.\n","protected":false},"author":2,"featured_media":0,"comment_status":"closed","ping_status":"closed","sticky":false,"template":"","format":"standard","meta":{"ngg_post_thumbnail":0,"footnotes":""},"categories":[10],"tags":[],"class_list":["post-6416","post","type-post","status-publish","format-standard","hentry","category-rat-und-verwaltung-informieren"],"_links":{"self":[{"href":"https:\/\/www.forum-soegel.de\/information\/wp-json\/wp\/v2\/posts\/6416","targetHints":{"allow":["GET"]}}],"collection":[{"href":"https:\/\/www.forum-soegel.de\/information\/wp-json\/wp\/v2\/posts"}],"about":[{"href":"https:\/\/www.forum-soegel.de\/information\/wp-json\/wp\/v2\/types\/post"}],"author":[{"embeddable":true,"href":"https:\/\/www.forum-soegel.de\/information\/wp-json\/wp\/v2\/users\/2"}],"replies":[{"embeddable":true,"href":"https:\/\/www.forum-soegel.de\/information\/wp-json\/wp\/v2\/comments?post=6416"}],"version-history":[{"count":1,"href":"https:\/\/www.forum-soegel.de\/information\/wp-json\/wp\/v2\/posts\/6416\/revisions"}],"predecessor-version":[{"id":6417,"href":"https:\/\/www.forum-soegel.de\/information\/wp-json\/wp\/v2\/posts\/6416\/revisions\/6417"}],"wp:attachment":[{"href":"https:\/\/www.forum-soegel.de\/information\/wp-json\/wp\/v2\/media?parent=6416"}],"wp:term":[{"taxonomy":"category","embeddable":true,"href":"https:\/\/www.forum-soegel.de\/information\/wp-json\/wp\/v2\/categories?post=6416"},{"taxonomy":"post_tag","embeddable":true,"href":"https:\/\/www.forum-soegel.de\/information\/wp-json\/wp\/v2\/tags?post=6416"}],"curies":[{"name":"wp","href":"https:\/\/api.w.org\/{rel}","templated":true}]}}