{"id":6412,"date":"2011-11-01T00:05:04","date_gmt":"2011-10-31T22:05:04","guid":{"rendered":"https:\/\/www.forum-soegel.de\/information\/?p=6412"},"modified":"2011-10-23T18:06:16","modified_gmt":"2011-10-23T16:06:16","slug":"dazugelernt","status":"publish","type":"post","link":"https:\/\/www.forum-soegel.de\/information\/2011\/11\/dazugelernt\/","title":{"rendered":"Dazugelernt"},"content":{"rendered":"<p>Zu Mark Twain kam ein Siebzehnj\u00e4hriger und beklagte sich: \u201eIch verstehe mich mit meinem Vater nicht mehr. Jeden Tag Streit.<\/p>\n<p>Er ist r\u00fcckst\u00e4ndig, hat keinen Sinn f\u00fcr moderne Ideen.<\/p>\n<p>Was soll ich machen? Ich laufe aus dem Haus.\u201c<\/p>\n<p>Mark Twain antwortete: \u201eJunger Freund, ich kann Dich gut verstehen. Als ich siebzehn Jahre alt war, war mein Vater genauso ungebildet.<\/p>\n<p>Es war kein Aushalten. Aber habe Geduld mit so alten Leuten.<\/p>\n<p>Sie entwickeln sich langsamer.<\/p>\n<p>Nach zehn Jahren, als ich 27 war, hatte er soviel dazugelernt, dass man sich schon ganz vern\u00fcnftig mit ihm unterhalten konnte.<\/p>\n<p>Und was soll ich dir sagen ?<\/p>\n<p>Heute, wo ich 37 bin &#8211;\u00a0 ob du es glaubst oder nicht &#8211; wenn ich keinen Rat wei\u00df, dann frage ich meinen alten Vater.<\/p>\n<p>So k\u00f6nnen sich die Zeiten \u00e4ndern.\u201c<\/p>\n<p>Quelle: Typisch! Kleine Geschichten f\u00fcr andere Zeiten<\/p>\n<p>Verein Andere Zeiten Hamburg 2005<\/p>\n","protected":false},"excerpt":{"rendered":"Zu Mark Twain kam ein Siebzehnj\u00e4hriger und beklagte sich: \u201eIch verstehe mich mit meinem Vater nicht mehr. Jeden Tag Streit. Er ist r\u00fcckst\u00e4ndig, hat keinen Sinn f\u00fcr moderne Ideen. Was soll ich machen? Ich laufe aus dem Haus.\u201c Mark Twain antwortete: \u201eJunger Freund, ich kann Dich gut verstehen. Als ich siebzehn Jahre alt war, war [&hellip;]\n","protected":false},"author":2,"featured_media":0,"comment_status":"closed","ping_status":"closed","sticky":false,"template":"","format":"standard","meta":{"ngg_post_thumbnail":0,"footnotes":""},"categories":[510],"tags":[],"class_list":["post-6412","post","type-post","status-publish","format-standard","hentry","category-so-ist-das-leben"],"_links":{"self":[{"href":"https:\/\/www.forum-soegel.de\/information\/wp-json\/wp\/v2\/posts\/6412","targetHints":{"allow":["GET"]}}],"collection":[{"href":"https:\/\/www.forum-soegel.de\/information\/wp-json\/wp\/v2\/posts"}],"about":[{"href":"https:\/\/www.forum-soegel.de\/information\/wp-json\/wp\/v2\/types\/post"}],"author":[{"embeddable":true,"href":"https:\/\/www.forum-soegel.de\/information\/wp-json\/wp\/v2\/users\/2"}],"replies":[{"embeddable":true,"href":"https:\/\/www.forum-soegel.de\/information\/wp-json\/wp\/v2\/comments?post=6412"}],"version-history":[{"count":1,"href":"https:\/\/www.forum-soegel.de\/information\/wp-json\/wp\/v2\/posts\/6412\/revisions"}],"predecessor-version":[{"id":6413,"href":"https:\/\/www.forum-soegel.de\/information\/wp-json\/wp\/v2\/posts\/6412\/revisions\/6413"}],"wp:attachment":[{"href":"https:\/\/www.forum-soegel.de\/information\/wp-json\/wp\/v2\/media?parent=6412"}],"wp:term":[{"taxonomy":"category","embeddable":true,"href":"https:\/\/www.forum-soegel.de\/information\/wp-json\/wp\/v2\/categories?post=6412"},{"taxonomy":"post_tag","embeddable":true,"href":"https:\/\/www.forum-soegel.de\/information\/wp-json\/wp\/v2\/tags?post=6412"}],"curies":[{"name":"wp","href":"https:\/\/api.w.org\/{rel}","templated":true}]}}