{"id":6309,"date":"2011-10-10T19:42:24","date_gmt":"2011-10-10T17:42:24","guid":{"rendered":"https:\/\/www.forum-soegel.de\/information\/?p=6309"},"modified":"2011-10-10T19:44:35","modified_gmt":"2011-10-10T17:44:35","slug":"das-i-f-s-team","status":"publish","type":"post","link":"https:\/\/www.forum-soegel.de\/information\/2011\/10\/das-i-f-s-team\/","title":{"rendered":"Das I.f.S.-Team"},"content":{"rendered":"<p><span style=\"color: #cc0000;\"><a href=\"https:\/\/www.forum-soegel.de\/information\/wp-content\/uploads\/2011\/10\/DSCN3051.jpg\"><img loading=\"lazy\" decoding=\"async\" class=\"alignleft size-medium wp-image-6310\" title=\"DSCN3051\" src=\"https:\/\/www.forum-soegel.de\/information\/wp-content\/uploads\/2011\/10\/DSCN3051-300x225.jpg\" alt=\"\" width=\"300\" height=\"225\" srcset=\"https:\/\/www.forum-soegel.de\/information\/wp-content\/uploads\/2011\/10\/DSCN3051-300x225.jpg 300w, https:\/\/www.forum-soegel.de\/information\/wp-content\/uploads\/2011\/10\/DSCN3051.jpg 1024w\" sizes=\"auto, (max-width: 300px) 100vw, 300px\" \/><\/a><span style=\"color: #000000;\">Ingrid Cloppenburg und Marion Heyers vertreten die Jugendredaktion \u201eDruckerpatronen\u201c, Georg Sewerin gestaltet unsere Internetseite <a href=\"https:\/\/www.forum-soegel.de\/information\">www-Forum-Soegel.de<\/a>, Jutta Westermann, Juristische Beratung, und neben ihr Lambert Brand, Finanzen, sind als freie Redaktionsmitglieder im Team, Heidi Penniggers ist unsere stellvertretende Chefredakteurin und zeichnet f\u00fcr die Termine verantwortlich. Monika und Eduard Willenborg sind unsere \u201efrischen\u201c Teammitglieder und korrigieren die Artikel. Klaus Sch\u00e4ffner, Anlaufpunkt f\u00fcr das Team, kurz: unser verantwortlicher Redakteur. Wilhelm Masbaum ist ebenfalls als freies Redaktionsmitglied im Team und kennt sich besonders gut mit der Geschichte in und um S\u00f6gel aus. Sandra Strauch ist der neue kreative Kopf im Team und zust\u00e4ndig f\u00fcr Layout, Anzeigenannahme und -gestaltung. Torsten Zwirchmair h\u00e4lt uns im Namen der Polizeistation stets auf dem Laufenden. Und last but not least Christin Sewerin, die sich in die Gestaltung der Internetseite als Vertreterin des \u201eYoungteams\u201e eingebracht hat.<\/span><\/span><\/p>\n","protected":false},"excerpt":{"rendered":"Ingrid Cloppenburg und Marion Heyers vertreten die Jugendredaktion \u201eDruckerpatronen\u201c, Georg Sewerin gestaltet unsere Internetseite www-Forum-Soegel.de, Jutta Westermann, Juristische Beratung, und neben ihr Lambert Brand, Finanzen, sind als freie Redaktionsmitglieder im Team, Heidi Penniggers ist unsere stellvertretende Chefredakteurin und zeichnet f\u00fcr die Termine verantwortlich. Monika und Eduard Willenborg sind unsere \u201efrischen\u201c Teammitglieder und korrigieren die Artikel. [&hellip;]\n","protected":false},"author":2,"featured_media":0,"comment_status":"closed","ping_status":"closed","sticky":false,"template":"","format":"standard","meta":{"ngg_post_thumbnail":0,"footnotes":""},"categories":[3],"tags":[],"class_list":["post-6309","post","type-post","status-publish","format-standard","hentry","category-aktuelles-aus-der-region"],"_links":{"self":[{"href":"https:\/\/www.forum-soegel.de\/information\/wp-json\/wp\/v2\/posts\/6309","targetHints":{"allow":["GET"]}}],"collection":[{"href":"https:\/\/www.forum-soegel.de\/information\/wp-json\/wp\/v2\/posts"}],"about":[{"href":"https:\/\/www.forum-soegel.de\/information\/wp-json\/wp\/v2\/types\/post"}],"author":[{"embeddable":true,"href":"https:\/\/www.forum-soegel.de\/information\/wp-json\/wp\/v2\/users\/2"}],"replies":[{"embeddable":true,"href":"https:\/\/www.forum-soegel.de\/information\/wp-json\/wp\/v2\/comments?post=6309"}],"version-history":[{"count":3,"href":"https:\/\/www.forum-soegel.de\/information\/wp-json\/wp\/v2\/posts\/6309\/revisions"}],"predecessor-version":[{"id":6313,"href":"https:\/\/www.forum-soegel.de\/information\/wp-json\/wp\/v2\/posts\/6309\/revisions\/6313"}],"wp:attachment":[{"href":"https:\/\/www.forum-soegel.de\/information\/wp-json\/wp\/v2\/media?parent=6309"}],"wp:term":[{"taxonomy":"category","embeddable":true,"href":"https:\/\/www.forum-soegel.de\/information\/wp-json\/wp\/v2\/categories?post=6309"},{"taxonomy":"post_tag","embeddable":true,"href":"https:\/\/www.forum-soegel.de\/information\/wp-json\/wp\/v2\/tags?post=6309"}],"curies":[{"name":"wp","href":"https:\/\/api.w.org\/{rel}","templated":true}]}}