{"id":6306,"date":"2011-10-01T15:57:53","date_gmt":"2011-10-01T13:57:53","guid":{"rendered":"https:\/\/www.forum-soegel.de\/information\/?p=6306"},"modified":"2012-10-03T10:31:40","modified_gmt":"2012-10-03T08:31:40","slug":"museumsdirektor-und-stammtischbruder-oliver-fok-feierte-geburtstag","status":"publish","type":"post","link":"https:\/\/www.forum-soegel.de\/information\/2011\/10\/museumsdirektor-und-stammtischbruder-oliver-fok-feierte-geburtstag\/","title":{"rendered":"Museumsdirektor und Stammtischbruder Oliver Fok feierte Geburtstag"},"content":{"rendered":"<p>Anl\u00e4sslich des Geburtstages von Museumsdirektor Oliver Fok wurde ihm<\/p>\n<p>von seinen Stammtischbr\u00fcdern sowie den G\u00e4sten Henni Krabbe und Josef Arlinghaus ein Rednerpult \u00fcbergeben.<\/p>\n<p>Der S\u00f6gler Stammtisch \u201eEINFACH SO\u201c, seit einiger Zeit eine fest Institution und ins Leben gerufen von Hermann Weller und Hans J\u00f6rg Gro\u00df, trifft sich einmal im Monat in der Gastst\u00e4tte \u201e Zum Amtsbrunnen\u201c. Zum Teilnehmerkreis geh\u00f6rt die auf dem Foto abgelichteten Personen.<\/p>\n<p>Wann immer es sich ergibt, werden interessante Personen aus Wirtschaft, Politik oder Kunst eingeladen um bei Bier und Wein in geselliger Runde \u00fcber interessante Themen zu diskutieren und einen gemeinsamen Abend zu verbringen.<\/p>\n<p>Text: Matthias Grohmann Foto: KS<\/p>\n<div id=\"attachment_6307\" style=\"width: 310px\" class=\"wp-caption alignnone\"><a href=\"https:\/\/www.forum-soegel.de\/information\/wp-content\/uploads\/2011\/10\/Geburtstagsgeschenk.jpg\"><img loading=\"lazy\" decoding=\"async\" aria-describedby=\"caption-attachment-6307\" class=\"size-medium wp-image-6307\" title=\"Geburtstagsgeschenk\" src=\"https:\/\/www.forum-soegel.de\/information\/wp-content\/uploads\/2011\/10\/Geburtstagsgeschenk-300x225.jpg\" alt=\"\" width=\"300\" height=\"225\" srcset=\"https:\/\/www.forum-soegel.de\/information\/wp-content\/uploads\/2011\/10\/Geburtstagsgeschenk-300x225.jpg 300w, https:\/\/www.forum-soegel.de\/information\/wp-content\/uploads\/2011\/10\/Geburtstagsgeschenk.jpg 1024w\" sizes=\"auto, (max-width: 300px) 100vw, 300px\" \/><\/a><p id=\"caption-attachment-6307\" class=\"wp-caption-text\">Das Bild von links: Gast K\u00fcnstlerin Jutta Wessels , Matthias Grohmann, Hermann Weller, Dietmar Jansen, Hans-J\u00f6rg Gro\u00df, Oliver Fok, Matthias Vo\u00df, Josef Arlinghaus, Norbert Schmees, Rudi Schomaker , Gast Sozialdezernentin LK Emsland Henni Krabbe . Es fehlen auf dem Bild die Stammtischbr\u00fcder, Manfred Rohjan und Bernd Horstmann.<\/p><\/div>\n","protected":false},"excerpt":{"rendered":"Anl\u00e4sslich des Geburtstages von Museumsdirektor Oliver Fok wurde ihm von seinen Stammtischbr\u00fcdern sowie den G\u00e4sten Henni Krabbe und Josef Arlinghaus ein Rednerpult \u00fcbergeben. Der S\u00f6gler Stammtisch \u201eEINFACH SO\u201c, seit einiger Zeit eine fest Institution und ins Leben gerufen von Hermann Weller und Hans J\u00f6rg Gro\u00df, trifft sich einmal im Monat in der Gastst\u00e4tte \u201e Zum [&hellip;]\n","protected":false},"author":2,"featured_media":0,"comment_status":"closed","ping_status":"closed","sticky":false,"template":"","format":"standard","meta":{"ngg_post_thumbnail":0,"footnotes":""},"categories":[3],"tags":[],"class_list":["post-6306","post","type-post","status-publish","format-standard","hentry","category-aktuelles-aus-der-region"],"_links":{"self":[{"href":"https:\/\/www.forum-soegel.de\/information\/wp-json\/wp\/v2\/posts\/6306","targetHints":{"allow":["GET"]}}],"collection":[{"href":"https:\/\/www.forum-soegel.de\/information\/wp-json\/wp\/v2\/posts"}],"about":[{"href":"https:\/\/www.forum-soegel.de\/information\/wp-json\/wp\/v2\/types\/post"}],"author":[{"embeddable":true,"href":"https:\/\/www.forum-soegel.de\/information\/wp-json\/wp\/v2\/users\/2"}],"replies":[{"embeddable":true,"href":"https:\/\/www.forum-soegel.de\/information\/wp-json\/wp\/v2\/comments?post=6306"}],"version-history":[{"count":4,"href":"https:\/\/www.forum-soegel.de\/information\/wp-json\/wp\/v2\/posts\/6306\/revisions"}],"predecessor-version":[{"id":9250,"href":"https:\/\/www.forum-soegel.de\/information\/wp-json\/wp\/v2\/posts\/6306\/revisions\/9250"}],"wp:attachment":[{"href":"https:\/\/www.forum-soegel.de\/information\/wp-json\/wp\/v2\/media?parent=6306"}],"wp:term":[{"taxonomy":"category","embeddable":true,"href":"https:\/\/www.forum-soegel.de\/information\/wp-json\/wp\/v2\/categories?post=6306"},{"taxonomy":"post_tag","embeddable":true,"href":"https:\/\/www.forum-soegel.de\/information\/wp-json\/wp\/v2\/tags?post=6306"}],"curies":[{"name":"wp","href":"https:\/\/api.w.org\/{rel}","templated":true}]}}