{"id":6173,"date":"2011-10-01T00:56:36","date_gmt":"2011-09-30T22:56:36","guid":{"rendered":"https:\/\/www.forum-soegel.de\/information\/?p=6173"},"modified":"2011-09-26T20:58:58","modified_gmt":"2011-09-26T18:58:58","slug":"ambulanter-palliativdienst-gewinnt-pflege-kooperationspartner","status":"publish","type":"post","link":"https:\/\/www.forum-soegel.de\/information\/2011\/10\/ambulanter-palliativdienst-gewinnt-pflege-kooperationspartner\/","title":{"rendered":"Ambulanter Palliativdienst gewinnt Pflege-Kooperationspartner"},"content":{"rendered":"<p>Der Ambulante Palliativdienst N\u00f6rdliches Emsland baut seine Kooperationsbeziehungen in der Region weiter aus. Nachdem mit der Emsl\u00e4ndischen Pflege, zehn Palliativmedizinern und vier ambulanten Hospizvereinen bereits schriftliche Vereinbarungen zur Zusammenarbeit geschlossen wurden, ist nun mit dem Pflegedienst \u201eHomeCare Annette Osterholt\u201c in Papenburg ein weiterer ambulanter Pflegedienst Kooperationspartner geworden.<\/p>\n<p>Der Ambulante Palliativdienst versorgt und begleitet unheilbar Schwerkranke, die unter belastenden Symptomen wie z.B. Schmerzen und Luftnot leiden. Ziel ist, den Patienten ein Leben bis zuletzt in der gewohnten h\u00e4uslichen Umgebung oder im Pflegeheim zu erm\u00f6glichen. Die Begleitung umfasst nach Bedarf \u00e4rztliche, pflegerische, soziale, psychosoziale und seelsorgerliche Leistungen und ist eine Erg\u00e4nzung zur bestehenden haus\u00e4rztlichen und pflegerischen Basisversorgung. Ziel ist eine umfassende Begleitung und Verbesserung der Lebensqualit\u00e4t sowie Beratung und Unterst\u00fctzung pflegender Angeh\u00f6riger. Die sogenannte \u201espezialisierte ambulante Palliativversorgung\u201c (SAPV) ist eine Leistung der gesetzlichen Krankenversicherung, die auf Verordnung eines Arztes oder einer \u00c4rztin erbracht werden kann.<\/p>\n<p>\u201eWir sind froh, nun auch in Papenburg mit HomeCare einen auf Palliativversorgung spezialisierten Pflegedienst gewonnen zu haben\u201c, sagt Anne Rameil, Koordinatorin des Palliativst\u00fctzpunktes. Voraussetzung f\u00fcr die Kooperation war die Qualifikation von vier Palliative-Care-Pflegefachkr\u00e4ften und der Wunsch nach einer engen Zusammenarbeit mit dem Palliativst\u00fctzpunkt am H\u00fcmmling Krankenhaus S\u00f6gel.<\/p>\n<p>Der Ambulante Palliativdienst besteht seit eineinhalb Jahren und ist eine Einrichtung des H\u00fcmmling Krankenhaus S\u00f6gel und Teil des Palliativst\u00fctzpunktes. Rameil: \u201eUnsere Erfahrungen sind sehr gut. Die Zusammenarbeit mit Haus\u00e4rzten, Pflegediensten, Sanit\u00e4tsh\u00e4usern, Seelsorge, Krankenh\u00e4usern und ehrenamtlichen Hospizdiensten klappt sehr gut. 83 Prozent der von uns begleiteten Menschen versterben in ihrer gewohnten Umgebung zuhause. Patienten und\u00a0 Angeh\u00f6rige sind sehr zufrieden und erfahren Sicherheit durch unsere Begleitung.\u201c Dazu tr\u00e4gt eine 24-Stunden-Rufbereitschaft bei, die in Krisensituationen sofort unterst\u00fctzen kann. Der Ambulante Palliativdienst N\u00f6rdliches Emsland ist 24 Stunden an 7 Tagen in der Woche unter der Telefonnummer 05952\/209-580 erreichbar. Weitere Informationen auch im Internet unter www.krankenhaussoegel.de<\/p>\n<p>Text\/Foto: Jens Eilers Krankenhaus<\/p>\n<div id=\"attachment_6174\" style=\"width: 310px\" class=\"wp-caption alignnone\"><a href=\"https:\/\/www.forum-soegel.de\/information\/wp-content\/uploads\/2011\/09\/Pressemitteilung-07-2011-Ambulanter-Palliativdienst-gewinnt-Pfleg_.jpg\"><img loading=\"lazy\" decoding=\"async\" aria-describedby=\"caption-attachment-6174\" class=\"size-medium wp-image-6174\" title=\"Pressemitteilung 07-2011 - Ambulanter Palliativdienst gewinnt Pfleg_\" src=\"https:\/\/www.forum-soegel.de\/information\/wp-content\/uploads\/2011\/09\/Pressemitteilung-07-2011-Ambulanter-Palliativdienst-gewinnt-Pfleg_-300x199.jpg\" alt=\"\" width=\"300\" height=\"199\" srcset=\"https:\/\/www.forum-soegel.de\/information\/wp-content\/uploads\/2011\/09\/Pressemitteilung-07-2011-Ambulanter-Palliativdienst-gewinnt-Pfleg_-300x199.jpg 300w, https:\/\/www.forum-soegel.de\/information\/wp-content\/uploads\/2011\/09\/Pressemitteilung-07-2011-Ambulanter-Palliativdienst-gewinnt-Pfleg_.jpg 1024w\" sizes=\"auto, (max-width: 300px) 100vw, 300px\" \/><\/a><p id=\"caption-attachment-6174\" class=\"wp-caption-text\">Symbolische \u00dcbergabe der ersten Patientenakte von der Koordinatorin des Palliativst\u00fctzpunktes am H\u00fcmmling Krankenhaus Anne Rameil (rechts) an Annette Osterholt, Inhaberin von HomeCare. Im Bild links Tatjana Berlage, stellvertretende Pflegedienstleitung.<\/p><\/div>\n","protected":false},"excerpt":{"rendered":"Der Ambulante Palliativdienst N\u00f6rdliches Emsland baut seine Kooperationsbeziehungen in der Region weiter aus. Nachdem mit der Emsl\u00e4ndischen Pflege, zehn Palliativmedizinern und vier ambulanten Hospizvereinen bereits schriftliche Vereinbarungen zur Zusammenarbeit geschlossen wurden, ist nun mit dem Pflegedienst \u201eHomeCare Annette Osterholt\u201c in Papenburg ein weiterer ambulanter Pflegedienst Kooperationspartner geworden. Der Ambulante Palliativdienst versorgt und begleitet unheilbar Schwerkranke, [&hellip;]\n","protected":false},"author":2,"featured_media":0,"comment_status":"closed","ping_status":"closed","sticky":false,"template":"","format":"standard","meta":{"ngg_post_thumbnail":0,"footnotes":""},"categories":[25],"tags":[],"class_list":["post-6173","post","type-post","status-publish","format-standard","hentry","category-hauptsache-gesund"],"_links":{"self":[{"href":"https:\/\/www.forum-soegel.de\/information\/wp-json\/wp\/v2\/posts\/6173","targetHints":{"allow":["GET"]}}],"collection":[{"href":"https:\/\/www.forum-soegel.de\/information\/wp-json\/wp\/v2\/posts"}],"about":[{"href":"https:\/\/www.forum-soegel.de\/information\/wp-json\/wp\/v2\/types\/post"}],"author":[{"embeddable":true,"href":"https:\/\/www.forum-soegel.de\/information\/wp-json\/wp\/v2\/users\/2"}],"replies":[{"embeddable":true,"href":"https:\/\/www.forum-soegel.de\/information\/wp-json\/wp\/v2\/comments?post=6173"}],"version-history":[{"count":1,"href":"https:\/\/www.forum-soegel.de\/information\/wp-json\/wp\/v2\/posts\/6173\/revisions"}],"predecessor-version":[{"id":6175,"href":"https:\/\/www.forum-soegel.de\/information\/wp-json\/wp\/v2\/posts\/6173\/revisions\/6175"}],"wp:attachment":[{"href":"https:\/\/www.forum-soegel.de\/information\/wp-json\/wp\/v2\/media?parent=6173"}],"wp:term":[{"taxonomy":"category","embeddable":true,"href":"https:\/\/www.forum-soegel.de\/information\/wp-json\/wp\/v2\/categories?post=6173"},{"taxonomy":"post_tag","embeddable":true,"href":"https:\/\/www.forum-soegel.de\/information\/wp-json\/wp\/v2\/tags?post=6173"}],"curies":[{"name":"wp","href":"https:\/\/api.w.org\/{rel}","templated":true}]}}