{"id":6170,"date":"2011-10-01T00:54:36","date_gmt":"2011-09-30T22:54:36","guid":{"rendered":"https:\/\/www.forum-soegel.de\/information\/?p=6170"},"modified":"2011-09-26T20:56:03","modified_gmt":"2011-09-26T18:56:03","slug":"interview-mit-heiner-wellenbrock","status":"publish","type":"post","link":"https:\/\/www.forum-soegel.de\/information\/2011\/10\/interview-mit-heiner-wellenbrock\/","title":{"rendered":"Interview mit Heiner Wellenbrock"},"content":{"rendered":"<p><a href=\"https:\/\/www.forum-soegel.de\/information\/wp-content\/uploads\/2011\/09\/Wellenbrock-Besuch-Jugendredaktion.jpg\"><img loading=\"lazy\" decoding=\"async\" class=\"alignleft size-medium wp-image-6171\" title=\"Wellenbrock Besuch Jugendredaktion\" src=\"https:\/\/www.forum-soegel.de\/information\/wp-content\/uploads\/2011\/09\/Wellenbrock-Besuch-Jugendredaktion-300x225.jpg\" alt=\"\" width=\"300\" height=\"225\" srcset=\"https:\/\/www.forum-soegel.de\/information\/wp-content\/uploads\/2011\/09\/Wellenbrock-Besuch-Jugendredaktion-300x225.jpg 300w, https:\/\/www.forum-soegel.de\/information\/wp-content\/uploads\/2011\/09\/Wellenbrock-Besuch-Jugendredaktion.jpg 1024w\" sizes=\"auto, (max-width: 300px) 100vw, 300px\" \/><\/a>Wir, die Jugendredaktion, hatten am 06.September die Ehre,\u00a0den langj\u00e4hrigen B\u00fcrgermeister von S\u00f6gel Heiner Wellenbrock\u00a0zuhause in seinem Wohnzimmer zu interviewen. Nachdem wir\u00a0 alle einen\u00a0Platz gefunden\u00a0hatten\u00a0und\u00a0uns mit Cola\u00a0 und Bonbons gest\u00e4rkt hatten, konnte unser Interview\u00a0beginnen.<\/p>\n<p>Zuerst f\u00fchrten wir eine lockere und lustige Vorstellungsrunde. Danach hatten wir\u00a0das sehr interessante Interview, wo jeder eine oder mehr Fragen stellen durfte. Leider war die Zeit schnell vergangen und nach ca. einer Stunde verabschiedeten wir uns\u00a0wieder\u00a0von Heiner Wellenbrock.<\/p>\n<p>Lea: Wieso haben sie sich dazu entschlossen nicht noch einmal bei der Kommunalwahl zu kandidieren?<\/p>\n<p>Wellenbrock: Ich glaube\u00a0 nach 20 Jahren ist die Zeit reif f\u00fcr einen Wechsel. \u00a0Ich finde, andere j\u00fcngere Leute k\u00f6nnen nun\u00a0auch einmal\u00a0B\u00fcrgermeister werden und die Verantwortung tragen.<\/p>\n<p>Luis: Wann haben Sie als B\u00fcrgermeister kandidiert?<\/p>\n<p>Wellenbrock: Oh, ich habe gar nicht kandidiert. Der ehrenamtliche B\u00fcrgermeister wird vom Gemeinderat gew\u00e4hlt. Die Ratsmitglieder bestimmen aus ihrer Mitte heraus den B\u00fcrgermeister.<\/p>\n<p>Theresa: Seit wann sind sie B\u00fcrgermeister und wie lange schon?<\/p>\n<p>Wellenbrock: Von 1991 bis 2011 war ich B\u00fcrgermeister,\u00a0 also 20 Jahre. Ich bin stolz darauf, dass ich vom Rat fast immer einstimmig gew\u00e4hlt worden bin, denn so etwas ist eigentlich eher selten.<\/p>\n<p>Marc Joel: Arbeiten sie gut mit den anderen Parteien zusammen?<br \/>\nWellenbrock: Ich meine, ich habe immer gut mit meiner und mit den anderen Parteien zusammengearbeitet. In der Kommunalpolitik geht es weniger um Parteiprogramme sondern mehr um gemeinsame L\u00f6sungswege.<\/p>\n<p>Philipp: Was war ihr gr\u00f6\u00dfter Moment in ihrer Amtszeit?<\/p>\n<p>Wellenbrock: Es gibt nicht den \u201egr\u00f6\u00dften Moment\u201c. Es gibt aber viele sch\u00f6ne Momente. Besonders der Kontakt mit vielen Menschen hat mir gefallen, wo ich vielleicht auch anderen Menschen helfen konnte.<\/p>\n<p>Sebastian:\u00a0Was machen Sie nach der Zeit als B\u00fcrgermeister?<\/p>\n<p>Wellenbrock: Nach meiner Amtszeit als B\u00fcrgermeister m\u00f6chte ich vielleicht mehr verreisen. Au\u00dferdem werde ich den neuen B\u00fcrgermeister\/der neuen B\u00fcrgermeisterin in der Anfangszeit unterst\u00fctzen. Des Weiteren werde ich mit Interesse den Baufortschritt der neuen Bauprojekte in S\u00f6gel verfolgen z.B. wie etwa die Entwicklung in der Ortsmitte.<\/p>\n<p>Jolina: Also wir haben im Politik Unterricht auch schon manchmal diskutiert. Danach waren wir manches Mal ziemlich zerstritten, ist das im Rat genauso?<\/p>\n<p>Wellenbrock: Die Diskussionen sind manchmal schon heftig, aber im Nachhinein ist man nicht sauer auf eine Person.<\/p>\n<p>Hanna: Hat Ihnen Ihre Amtszeit als B\u00fcrgermeister Spa\u00df gemacht?<\/p>\n<p>Wellenbrock: Ja, ich hatte viel Freude daran.<\/p>\n<p>Judith: Was\u00a0 ist\/war an ihrem Beruf das Schwierigste?<\/p>\n<p>Wellenbrock: Die Diskussionen im Rat waren manchmal durchaus anstrengend. Weil es Junge und \u00c4ltere im Rat gibt, gab es nat\u00fcrlich auch unterschiedliche Interessen. Also fand ich es schwierig, Entscheidungen der Anderen mitzutragen, obwohl ich selbst manchmal f\u00fcr etwas ganz anderes war. Man muss sich am Ende einigen und die Entscheidungen gemeinsam tragen.<\/p>\n<p>Katharina: Was hatten sie f\u00fcr Aufgaben als B\u00fcrgermeister?<\/p>\n<p>Wellenbrock: Als B\u00fcrgermeister habe ich mich haupts\u00e4chlich um die B\u00fcrger gek\u00fcmmert. Ich leite die Ratssitzungen und vertrete die Gemeinde nach au\u00dfen. Gerne besuchte ich die Generalversammlungen unserer Vereine, da diese sehr viel f\u00fcr die Gemeinde leisten und f\u00fcr unsere B\u00fcrger da sind.<\/p>\n<p>Nach diesem spannenden Nachmittag wussten wir alle sehr viel mehr \u00fcber das Amt des B\u00fcrgermeisters und \u00fcber die Erfahrungen von Heiner Wellenbrock.<\/p>\n","protected":false},"excerpt":{"rendered":"Wir, die Jugendredaktion, hatten am 06.September die Ehre,\u00a0den langj\u00e4hrigen B\u00fcrgermeister von S\u00f6gel Heiner Wellenbrock\u00a0zuhause in seinem Wohnzimmer zu interviewen. Nachdem wir\u00a0 alle einen\u00a0Platz gefunden\u00a0hatten\u00a0und\u00a0uns mit Cola\u00a0 und Bonbons gest\u00e4rkt hatten, konnte unser Interview\u00a0beginnen. Zuerst f\u00fchrten wir eine lockere und lustige Vorstellungsrunde. Danach hatten wir\u00a0das sehr interessante Interview, wo jeder eine oder mehr Fragen stellen durfte. [&hellip;]\n","protected":false},"author":2,"featured_media":0,"comment_status":"closed","ping_status":"closed","sticky":false,"template":"","format":"standard","meta":{"ngg_post_thumbnail":0,"footnotes":""},"categories":[276],"tags":[],"class_list":["post-6170","post","type-post","status-publish","format-standard","hentry","category-jugend-schreibt"],"_links":{"self":[{"href":"https:\/\/www.forum-soegel.de\/information\/wp-json\/wp\/v2\/posts\/6170","targetHints":{"allow":["GET"]}}],"collection":[{"href":"https:\/\/www.forum-soegel.de\/information\/wp-json\/wp\/v2\/posts"}],"about":[{"href":"https:\/\/www.forum-soegel.de\/information\/wp-json\/wp\/v2\/types\/post"}],"author":[{"embeddable":true,"href":"https:\/\/www.forum-soegel.de\/information\/wp-json\/wp\/v2\/users\/2"}],"replies":[{"embeddable":true,"href":"https:\/\/www.forum-soegel.de\/information\/wp-json\/wp\/v2\/comments?post=6170"}],"version-history":[{"count":1,"href":"https:\/\/www.forum-soegel.de\/information\/wp-json\/wp\/v2\/posts\/6170\/revisions"}],"predecessor-version":[{"id":6172,"href":"https:\/\/www.forum-soegel.de\/information\/wp-json\/wp\/v2\/posts\/6170\/revisions\/6172"}],"wp:attachment":[{"href":"https:\/\/www.forum-soegel.de\/information\/wp-json\/wp\/v2\/media?parent=6170"}],"wp:term":[{"taxonomy":"category","embeddable":true,"href":"https:\/\/www.forum-soegel.de\/information\/wp-json\/wp\/v2\/categories?post=6170"},{"taxonomy":"post_tag","embeddable":true,"href":"https:\/\/www.forum-soegel.de\/information\/wp-json\/wp\/v2\/tags?post=6170"}],"curies":[{"name":"wp","href":"https:\/\/api.w.org\/{rel}","templated":true}]}}