{"id":6168,"date":"2011-10-01T00:53:13","date_gmt":"2011-09-30T22:53:13","guid":{"rendered":"https:\/\/www.forum-soegel.de\/information\/?p=6168"},"modified":"2011-09-26T20:53:56","modified_gmt":"2011-09-26T18:53:56","slug":"ausstellung-im-ludmillenhof-17","status":"publish","type":"post","link":"https:\/\/www.forum-soegel.de\/information\/2011\/10\/ausstellung-im-ludmillenhof-17\/","title":{"rendered":"Ausstellung im Ludmillenhof"},"content":{"rendered":"<p>Die Kunstschule \u201eTricolor\u201c zeigt derzeit einen Querschnitt von k\u00fcnstlerischen Arbeiten der Jugendlichen und Erwachsenen. Die Ausstellung verweilt noch bis zum 7. Oktober im Ludmillenhof. Ab Mitte Oktober wird dann die neue Ausstellung mit Werken von Mara Kolimbatovic im Rathaus vorgestellt. Die Ausstellungen k\u00f6nnen immer w\u00e4hrend der \u00fcblichen \u00d6ffnungszeiten besichtigt werden.<\/p>\n","protected":false},"excerpt":{"rendered":"Die Kunstschule \u201eTricolor\u201c zeigt derzeit einen Querschnitt von k\u00fcnstlerischen Arbeiten der Jugendlichen und Erwachsenen. Die Ausstellung verweilt noch bis zum 7. Oktober im Ludmillenhof. Ab Mitte Oktober wird dann die neue Ausstellung mit Werken von Mara Kolimbatovic im Rathaus vorgestellt. Die Ausstellungen k\u00f6nnen immer w\u00e4hrend der \u00fcblichen \u00d6ffnungszeiten besichtigt werden.\n","protected":false},"author":2,"featured_media":0,"comment_status":"closed","ping_status":"closed","sticky":false,"template":"","format":"standard","meta":{"ngg_post_thumbnail":0,"footnotes":""},"categories":[10],"tags":[],"class_list":["post-6168","post","type-post","status-publish","format-standard","hentry","category-rat-und-verwaltung-informieren"],"_links":{"self":[{"href":"https:\/\/www.forum-soegel.de\/information\/wp-json\/wp\/v2\/posts\/6168","targetHints":{"allow":["GET"]}}],"collection":[{"href":"https:\/\/www.forum-soegel.de\/information\/wp-json\/wp\/v2\/posts"}],"about":[{"href":"https:\/\/www.forum-soegel.de\/information\/wp-json\/wp\/v2\/types\/post"}],"author":[{"embeddable":true,"href":"https:\/\/www.forum-soegel.de\/information\/wp-json\/wp\/v2\/users\/2"}],"replies":[{"embeddable":true,"href":"https:\/\/www.forum-soegel.de\/information\/wp-json\/wp\/v2\/comments?post=6168"}],"version-history":[{"count":1,"href":"https:\/\/www.forum-soegel.de\/information\/wp-json\/wp\/v2\/posts\/6168\/revisions"}],"predecessor-version":[{"id":6169,"href":"https:\/\/www.forum-soegel.de\/information\/wp-json\/wp\/v2\/posts\/6168\/revisions\/6169"}],"wp:attachment":[{"href":"https:\/\/www.forum-soegel.de\/information\/wp-json\/wp\/v2\/media?parent=6168"}],"wp:term":[{"taxonomy":"category","embeddable":true,"href":"https:\/\/www.forum-soegel.de\/information\/wp-json\/wp\/v2\/categories?post=6168"},{"taxonomy":"post_tag","embeddable":true,"href":"https:\/\/www.forum-soegel.de\/information\/wp-json\/wp\/v2\/tags?post=6168"}],"curies":[{"name":"wp","href":"https:\/\/api.w.org\/{rel}","templated":true}]}}