{"id":6113,"date":"2011-10-01T00:55:16","date_gmt":"2011-09-30T22:55:16","guid":{"rendered":"https:\/\/www.forum-soegel.de\/information\/?p=6113"},"modified":"2011-09-26T19:58:55","modified_gmt":"2011-09-26T17:58:55","slug":"%e2%80%9efairer-kaffeegenuss%e2%80%9c-nach-der-wallfahrt","status":"publish","type":"post","link":"https:\/\/www.forum-soegel.de\/information\/2011\/10\/%e2%80%9efairer-kaffeegenuss%e2%80%9c-nach-der-wallfahrt\/","title":{"rendered":"\u201eFairer Kaffeegenuss\u201c nach der Wallfahrt"},"content":{"rendered":"<p>Wie in jedem Jahr hatten die Aktiven des S\u00f6geler Weltladens\u00a0 vor dem Marstall Clemenswerth eine Rastst\u00e4tte vorbereitet, wo die Wallfahrer sich bei einer Tasse Kaffee oder Tee st\u00e4rken konnten. Nach der Feier auf dem Schlossplatz nahmen viele das Angebot gerne an, denn mancher war bereits seit dem fr\u00fchen Morgen zu Fu\u00df oder mit dem Rad unterwegs.<\/p>\n<p>Der Verein \u201eUnsere Welt \u2013 Eine Welt\u201c betreut seit \u00fcber 20 Jahren in Zusammenarbeit mit dem Marstall Clemenswerth dieses \u201eWeltladen-Caf\u00e9\u201c. Der ehrenamtliche Einsatz dient im Rahmen des Fairen Handels der Bek\u00e4mpfung von Hunger und Not in der Dritten Welt. Der in S\u00f6gel 1989 gegr\u00fcndete Verein h\u00e4lt im Weltladen und im Marktwagen auf dem Wochenmarkt ein reiches Angebot unterschiedlichster, fair gehandelter Produkte bereit. In den Weltl\u00e4den werden Produkte aus den armen und benachteiligten Regionen Afrikas, Lateinamerikas und S\u00fcdostasiens angeboten. Die Produzenten erhalten eine faire Bezahlung, die ihnen helfen soll, in ihrer Heimat menschenw\u00fcrdig zu leben und gemeinschaftlich f\u00fcr eine bessere Zukunft Vorsorge zu treffen.<\/p>\n<p>Darum sollen fair gehandelte Waren \u00f6kologisch produziert und gehandelt werden, damit die nat\u00fcrlichen Lebensgrundlagen wie Erde, Wasser und Luft bewahrt werden und die Gesundheit von Mensch, Tier und Pflanze gesch\u00fctzt wird. F\u00fcr den Fairen Handel ist, so der Verein, also nicht der Profit, sondern der Umsatz das Ziel.<\/p>\n<p>Der Faire Handel will nach Angaben des Vereinsvorstands keine Geschenke verteilen und lehnt Gro\u00dfprojekte, die von oben gesteuert werden, ab. Der Faire Handel sei Hilfe zur Selbsthilfe mit kleinen Schritten, eine Hilfe, die der Familie des Landwirts oder Handwerkers unmittelbar zugute kommt. Der Kaffeebauer, dessen Produkt die Wallfahrer genie\u00dfen, hat das Geld f\u00fcr seinen Rohkaffee l\u00e4ngst bekommen und kann sich auf die n\u00e4chste Ernte vorbereiten, gesichert durch faire und langfristige Vertr\u00e4ge. Die Aktiven des Weltladens w\u00fcrden sich \u00fcber weitere Mitarbeiterinnen und Mitarbeiter freuen.<\/p>\n<p>Text: Verein Foto: LB<\/p>\n<div id=\"attachment_6114\" style=\"width: 310px\" class=\"wp-caption alignnone\"><a href=\"https:\/\/www.forum-soegel.de\/information\/wp-content\/uploads\/2011\/09\/WeltladenMarstall11-38.jpg\"><img loading=\"lazy\" decoding=\"async\" aria-describedby=\"caption-attachment-6114\" class=\"size-medium wp-image-6114\" title=\"WeltladenMarstall11 (38)\" src=\"https:\/\/www.forum-soegel.de\/information\/wp-content\/uploads\/2011\/09\/WeltladenMarstall11-38-300x225.jpg\" alt=\"\" width=\"300\" height=\"225\" srcset=\"https:\/\/www.forum-soegel.de\/information\/wp-content\/uploads\/2011\/09\/WeltladenMarstall11-38-300x225.jpg 300w, https:\/\/www.forum-soegel.de\/information\/wp-content\/uploads\/2011\/09\/WeltladenMarstall11-38.jpg 1024w\" sizes=\"auto, (max-width: 300px) 100vw, 300px\" \/><\/a><p id=\"caption-attachment-6114\" class=\"wp-caption-text\">Zahlreiche Besucher der Maria-Himmelfahrt-Wallfahrt st\u00e4rkten sich im Weltladencafe vor dem Marstall.<\/p><\/div>\n","protected":false},"excerpt":{"rendered":"Wie in jedem Jahr hatten die Aktiven des S\u00f6geler Weltladens\u00a0 vor dem Marstall Clemenswerth eine Rastst\u00e4tte vorbereitet, wo die Wallfahrer sich bei einer Tasse Kaffee oder Tee st\u00e4rken konnten. Nach der Feier auf dem Schlossplatz nahmen viele das Angebot gerne an, denn mancher war bereits seit dem fr\u00fchen Morgen zu Fu\u00df oder mit dem Rad [&hellip;]\n","protected":false},"author":2,"featured_media":0,"comment_status":"closed","ping_status":"closed","sticky":false,"template":"","format":"standard","meta":{"ngg_post_thumbnail":0,"footnotes":""},"categories":[5],"tags":[],"class_list":["post-6113","post","type-post","status-publish","format-standard","hentry","category-was-machen-die-vereine"],"_links":{"self":[{"href":"https:\/\/www.forum-soegel.de\/information\/wp-json\/wp\/v2\/posts\/6113","targetHints":{"allow":["GET"]}}],"collection":[{"href":"https:\/\/www.forum-soegel.de\/information\/wp-json\/wp\/v2\/posts"}],"about":[{"href":"https:\/\/www.forum-soegel.de\/information\/wp-json\/wp\/v2\/types\/post"}],"author":[{"embeddable":true,"href":"https:\/\/www.forum-soegel.de\/information\/wp-json\/wp\/v2\/users\/2"}],"replies":[{"embeddable":true,"href":"https:\/\/www.forum-soegel.de\/information\/wp-json\/wp\/v2\/comments?post=6113"}],"version-history":[{"count":1,"href":"https:\/\/www.forum-soegel.de\/information\/wp-json\/wp\/v2\/posts\/6113\/revisions"}],"predecessor-version":[{"id":6115,"href":"https:\/\/www.forum-soegel.de\/information\/wp-json\/wp\/v2\/posts\/6113\/revisions\/6115"}],"wp:attachment":[{"href":"https:\/\/www.forum-soegel.de\/information\/wp-json\/wp\/v2\/media?parent=6113"}],"wp:term":[{"taxonomy":"category","embeddable":true,"href":"https:\/\/www.forum-soegel.de\/information\/wp-json\/wp\/v2\/categories?post=6113"},{"taxonomy":"post_tag","embeddable":true,"href":"https:\/\/www.forum-soegel.de\/information\/wp-json\/wp\/v2\/tags?post=6113"}],"curies":[{"name":"wp","href":"https:\/\/api.w.org\/{rel}","templated":true}]}}