{"id":6045,"date":"2011-09-01T00:52:08","date_gmt":"2011-08-31T22:52:08","guid":{"rendered":"https:\/\/www.forum-soegel.de\/information\/?p=6045"},"modified":"2011-08-29T20:56:39","modified_gmt":"2011-08-29T18:56:39","slug":"hilsen-fra-norge-gruse-aus-norwegen","status":"publish","type":"post","link":"https:\/\/www.forum-soegel.de\/information\/2011\/09\/hilsen-fra-norge-gruse-aus-norwegen\/","title":{"rendered":"Hilsen fra Norge &#8211; Gr\u00fc\u00dfe aus Norwegen"},"content":{"rendered":"<p><a href=\"https:\/\/www.forum-soegel.de\/information\/wp-content\/uploads\/2011\/09\/norge_1.jpg\"><img loading=\"lazy\" decoding=\"async\" class=\"alignleft size-medium wp-image-6048\" title=\"norge_1\" src=\"https:\/\/www.forum-soegel.de\/information\/wp-content\/uploads\/2011\/09\/norge_1-300x136.jpg\" alt=\"\" width=\"300\" height=\"136\" srcset=\"https:\/\/www.forum-soegel.de\/information\/wp-content\/uploads\/2011\/09\/norge_1-300x136.jpg 300w, https:\/\/www.forum-soegel.de\/information\/wp-content\/uploads\/2011\/09\/norge_1.jpg 1024w\" sizes=\"auto, (max-width: 300px) 100vw, 300px\" \/><\/a>Mutig, suuuper, wir beneiden euch, wir w\u00fcnschen euch alles Gute und viel Gl\u00fcck, aber auch: habt ihr euch das wirklich gut \u00fcberlegt, schon manch Anderer ist gescheitert und war ganz schnell wieder daheim, habt ihr auch an eure Kinder gedacht? So und \u00e4hnlich klangen die Worte in unseren letzten Wochen in S\u00f6gel.<\/p>\n<p>1994 habe ich mich als selbst\u00e4ndige Mediengestalterin und Werbetechnikerin mit der Firma HD-Design in S\u00f6gel niedergelassen. Im Jahr 2007 \u00fcbergab ich dann das Unternehmen meinem langj\u00e4hrigen Gesch\u00e4ftspartner Ludger Hegger um mich ganz der Erziehung meiner Kinder zu widmen. Dennoch konnte ich nie ganz \u201eloslassen\u201c und er\u00f6ffnete ein B\u00fcro f\u00fcr Mediengestaltung bei mir zuhause. Im April 2007 war ich dann zum ersten Mal f\u00fcr das Layout der Brosch\u00fcre \u201eInformationen f\u00fcr S\u00f6gel und Umgebung\u201c t\u00e4tig und habe bis zur Juni-Ausgabe dieses Jahres mit dem Redaktionsteam immer gerne zusammengearbeitet.<\/p>\n<p>Der Abschied war leicht und schwer. Leicht, weil wir neugierig und positiv in die Zukunft schauen.<\/p>\n<p>Leicht, weil wir uns ganz\u00a0 unbedarft auf das Abenteuer \u201eNeuanfang\u201c einlassen. Leicht, weil uns so viele liebe Freunde und Bekannte darin best\u00e4rkt haben diesen Schritt zu wagen und unsere Familien uns immer wieder sagten: \u201e \u2026und wenn es nicht klappt &#8211; egal, unsere T\u00fcr steht immer offen f\u00fcr Euch!\u201c\u00a0 Das ist ein sch\u00f6nes Gef\u00fchl, das einem ein bisschen Sicherheit gibt.<\/p>\n<p>Aber gerade das machte mir den Abschied auch schwer, all diese Menschen zur\u00fcck zu lassen, die guten Bekannten, die liebe Freundin, die man schnell mal anrufen kann, mit der man lacht, kl\u00f6nt, Cappuccino trinkt, bei der man sich ausheulen kann, wenn\u2019s mal schlecht l\u00e4uft. Das in den Arm nehmen und dr\u00fccken, die Herzlichkeit, die sich erst im Laufe der Zeit entwickelt, in der man sich immer wieder begegnet und aus der dann tiefe Freundschaften entstehen.<\/p>\n<p>Das wird es wohl sein, was mir in den n\u00e4chsten Monaten am meisten fehlen wird, denn hier kenne ich nichts und niemanden, aber gerade das macht es auch so spannend!<\/p>\n<p>Die ersten Tage, wie es ein Umzug nun mal so an sich hat, gestalteten sich unbequem. Kartons auspacken, einr\u00e4umen, putzen und suchen, \u00fcberlegen, suchen, \u201ein welchem Karton ist Rosalie gelandet?\u201c Die Lieblingspuppe unserer Tochter Johanna und \u201ewo sind wohl die Filly-Pferdchen geblieben? Hat jemand die Werkzeugkiste gesehen? Bin ich froh wenn das vorbei ist! Das war das letzte Mal! Nie wieder werde ich umziehen. Keine zehn Pferde kriegen mich dazu\u2026\u201c, usw., usw. Aber fertig geworden sind wir dann doch und sch\u00f6n ist es geworden, gem\u00fctlich und heimelig.<\/p>\n<p>Der erste Schritt ist getan und viele weitere Aufgaben warten auf uns. Beh\u00f6rdeng\u00e4nge m\u00fcssen erledigt werden und gestalten sich als z\u00e4h und langwierig, denn die Norweger haben Zeit und davon unendlich viel. Manchmal denke ich, ich bin in Griechenland. Noch nie h\u00f6rte ich so oft die Worte \u201eikke stress &#8211; alle bra\u201c, will hei\u00dfen \u201ekein Stress &#8211; alles gut\u201c. Und tats\u00e4chlich, das Zauberwort hei\u00dft GEDULD. Das was uns in unserem hektischen Alltag abhanden gekommen ist, wird hier gro\u00dfgeschrieben. So sitzen wir jetzt abends auf unserer Terrasse, schauen in den orange-roten Abendhimmel, lauschen dem entfernten Meeresrauschen, dem Geschrei der M\u00f6wen, schauen uns an und sagen: Alle bra!!<\/p>\n<p>Bis demn\u00e4chst unter dieser Rubrik\u2026<\/p>\n<p>Med vennlig hilsen,<\/p>\n<p>Alexandra Deeken<\/p>\n","protected":false},"excerpt":{"rendered":"Mutig, suuuper, wir beneiden euch, wir w\u00fcnschen euch alles Gute und viel Gl\u00fcck, aber auch: habt ihr euch das wirklich gut \u00fcberlegt, schon manch Anderer ist gescheitert und war ganz schnell wieder daheim, habt ihr auch an eure Kinder gedacht? So und \u00e4hnlich klangen die Worte in unseren letzten Wochen in S\u00f6gel. 1994 habe ich [&hellip;]\n","protected":false},"author":2,"featured_media":0,"comment_status":"closed","ping_status":"closed","sticky":false,"template":"","format":"standard","meta":{"ngg_post_thumbnail":0,"footnotes":""},"categories":[12],"tags":[738],"class_list":["post-6045","post","type-post","status-publish","format-standard","hentry","category-der-gast-hat-das-letzte-wort","tag-norwegen"],"_links":{"self":[{"href":"https:\/\/www.forum-soegel.de\/information\/wp-json\/wp\/v2\/posts\/6045","targetHints":{"allow":["GET"]}}],"collection":[{"href":"https:\/\/www.forum-soegel.de\/information\/wp-json\/wp\/v2\/posts"}],"about":[{"href":"https:\/\/www.forum-soegel.de\/information\/wp-json\/wp\/v2\/types\/post"}],"author":[{"embeddable":true,"href":"https:\/\/www.forum-soegel.de\/information\/wp-json\/wp\/v2\/users\/2"}],"replies":[{"embeddable":true,"href":"https:\/\/www.forum-soegel.de\/information\/wp-json\/wp\/v2\/comments?post=6045"}],"version-history":[{"count":2,"href":"https:\/\/www.forum-soegel.de\/information\/wp-json\/wp\/v2\/posts\/6045\/revisions"}],"predecessor-version":[{"id":6050,"href":"https:\/\/www.forum-soegel.de\/information\/wp-json\/wp\/v2\/posts\/6045\/revisions\/6050"}],"wp:attachment":[{"href":"https:\/\/www.forum-soegel.de\/information\/wp-json\/wp\/v2\/media?parent=6045"}],"wp:term":[{"taxonomy":"category","embeddable":true,"href":"https:\/\/www.forum-soegel.de\/information\/wp-json\/wp\/v2\/categories?post=6045"},{"taxonomy":"post_tag","embeddable":true,"href":"https:\/\/www.forum-soegel.de\/information\/wp-json\/wp\/v2\/tags?post=6045"}],"curies":[{"name":"wp","href":"https:\/\/api.w.org\/{rel}","templated":true}]}}