{"id":6031,"date":"2011-09-01T00:41:39","date_gmt":"2011-08-31T22:41:39","guid":{"rendered":"https:\/\/www.forum-soegel.de\/information\/?p=6031"},"modified":"2011-08-29T20:43:24","modified_gmt":"2011-08-29T18:43:24","slug":"auf-dem-krankenhauspfad","status":"publish","type":"post","link":"https:\/\/www.forum-soegel.de\/information\/2011\/09\/auf-dem-krankenhauspfad\/","title":{"rendered":"Auf dem Krankenhauspfad"},"content":{"rendered":"<p>Drau\u00dfen regnete es in Str\u00f6men. Das hielt xxx kleine Indianerinnen und Indianer aber nicht davon ab, sich \u00fcber den Ferienpass auf den Krankenhauspfad zu machen. Sie alle wollten wissen, was die Medizinm\u00e4nner und \u2013frauen des H\u00fcmmling Krankenhauses S\u00f6gel so machen.<\/p>\n<p>Dabei f\u00fchrte sie der Pfad zum OP, wo die kleinen Indianerinnen und Indianer erst einmal ein Eis erlegten. Danach \u00fcberfielen sie die Abteilung R\u00f6ntgen. Dort durften sie auf der CT-Liege aufsitzen und auf- und abreiten. Ein Bleichgesicht zeigte den wissbegierigen Indianerinnen und Indianern R\u00f6ntgenmalerei und sie versuchten herauszufinden, um welchen K\u00f6rperteil eines Indianers es sich handelte. Sp\u00e4ter schlichen sie sich ans Reservat der Neugeborenen an, und die wilden Krieger wurden ganz leise.<\/p>\n<p>Denn hier haben die ganz, ganz kleinen Indianer das Sagen, und die haben noch ganz gerne ihre Ruhe. Mit dem Herzton-Wehenschreiber (CTG) h\u00f6rten die Krieger ihre eigenen Herzt\u00f6ne und ritten dann weiter in Richtung Schlaflabor. Hier waren sich die Roth\u00e4ute einig, dass ihre V\u00e4ter alle schnarchen. Auf der Kurzzeitpflege st\u00e4rkten sich die Wilden noch mit Waffeln und sangen den \u00e4lteren Stammesmitgliedern einige Kriegsges\u00e4nge vor. In der Kapelle wurde es dann noch einmal ganz ruhig, und alle beteten f\u00fcr die Patienten des Hauses. Dann war der Krankenhauspfad zu Ende und die Krieger ritten in den Sonnenuntergang.<\/p>\n<p>Text\/Foto: Renate Kr\u00f6ger<\/p>\n<p><a href=\"https:\/\/www.forum-soegel.de\/information\/wp-content\/uploads\/2011\/08\/Auf-dem-Krankenhauspfad2.jpg\"><img loading=\"lazy\" decoding=\"async\" class=\"alignnone size-medium wp-image-6032\" title=\"Auf dem Krankenhauspfad2\" src=\"https:\/\/www.forum-soegel.de\/information\/wp-content\/uploads\/2011\/08\/Auf-dem-Krankenhauspfad2-300x225.jpg\" alt=\"\" width=\"300\" height=\"225\" srcset=\"https:\/\/www.forum-soegel.de\/information\/wp-content\/uploads\/2011\/08\/Auf-dem-Krankenhauspfad2-300x225.jpg 300w, https:\/\/www.forum-soegel.de\/information\/wp-content\/uploads\/2011\/08\/Auf-dem-Krankenhauspfad2.jpg 1024w\" sizes=\"auto, (max-width: 300px) 100vw, 300px\" \/><\/a><\/p>\n","protected":false},"excerpt":{"rendered":"Drau\u00dfen regnete es in Str\u00f6men. Das hielt xxx kleine Indianerinnen und Indianer aber nicht davon ab, sich \u00fcber den Ferienpass auf den Krankenhauspfad zu machen. Sie alle wollten wissen, was die Medizinm\u00e4nner und \u2013frauen des H\u00fcmmling Krankenhauses S\u00f6gel so machen. Dabei f\u00fchrte sie der Pfad zum OP, wo die kleinen Indianerinnen und Indianer erst einmal [&hellip;]\n","protected":false},"author":2,"featured_media":0,"comment_status":"closed","ping_status":"closed","sticky":false,"template":"","format":"standard","meta":{"ngg_post_thumbnail":0,"footnotes":""},"categories":[25],"tags":[160],"class_list":["post-6031","post","type-post","status-publish","format-standard","hentry","category-hauptsache-gesund","tag-ferienpass"],"_links":{"self":[{"href":"https:\/\/www.forum-soegel.de\/information\/wp-json\/wp\/v2\/posts\/6031","targetHints":{"allow":["GET"]}}],"collection":[{"href":"https:\/\/www.forum-soegel.de\/information\/wp-json\/wp\/v2\/posts"}],"about":[{"href":"https:\/\/www.forum-soegel.de\/information\/wp-json\/wp\/v2\/types\/post"}],"author":[{"embeddable":true,"href":"https:\/\/www.forum-soegel.de\/information\/wp-json\/wp\/v2\/users\/2"}],"replies":[{"embeddable":true,"href":"https:\/\/www.forum-soegel.de\/information\/wp-json\/wp\/v2\/comments?post=6031"}],"version-history":[{"count":1,"href":"https:\/\/www.forum-soegel.de\/information\/wp-json\/wp\/v2\/posts\/6031\/revisions"}],"predecessor-version":[{"id":6033,"href":"https:\/\/www.forum-soegel.de\/information\/wp-json\/wp\/v2\/posts\/6031\/revisions\/6033"}],"wp:attachment":[{"href":"https:\/\/www.forum-soegel.de\/information\/wp-json\/wp\/v2\/media?parent=6031"}],"wp:term":[{"taxonomy":"category","embeddable":true,"href":"https:\/\/www.forum-soegel.de\/information\/wp-json\/wp\/v2\/categories?post=6031"},{"taxonomy":"post_tag","embeddable":true,"href":"https:\/\/www.forum-soegel.de\/information\/wp-json\/wp\/v2\/tags?post=6031"}],"curies":[{"name":"wp","href":"https:\/\/api.w.org\/{rel}","templated":true}]}}