{"id":594,"date":"2010-01-22T19:04:49","date_gmt":"2010-01-22T17:04:49","guid":{"rendered":"https:\/\/www.forum-soegel.de\/information\/?p=594"},"modified":"2010-03-10T21:38:25","modified_gmt":"2010-03-10T19:38:25","slug":"schule-am-schloss-packt-fur-agape-tisch","status":"publish","type":"post","link":"https:\/\/www.forum-soegel.de\/information\/2010\/01\/schule-am-schloss-packt-fur-agape-tisch\/","title":{"rendered":"Schule am Schloss packt f\u00fcr Agape Tisch"},"content":{"rendered":"<p><!-- \t\t@page { margin: 2cm } \t\tP { margin-bottom: 0.21cm } --><span style=\"font-family: Arial,sans-serif;\"><span style=\"font-size: x-small;\">In Zusammenarbeit mit dem H\u00fcmmlinger Agape Tisch haben die Sch\u00fclerinnen und Sch\u00fcler der Schule am Schloss in S\u00f6gel Weihnachtsp\u00e4ckchen f\u00fcr Bed\u00fcrftige aus S\u00f6gel und Umgebung gepackt. Die SV (Sch\u00fclervertretung) will damit das Ansinnen des Agapetisches, Menschen in einer schwierigen Zeit zu \u00fcberbr\u00fccken und ihnen Motivation f\u00fcr die Zukunft zu geben, unterst\u00fctzen.<\/span><\/span>\u201e<span style=\"font-family: Arial,sans-serif;\"><span style=\"font-size: x-small;\">Wir m\u00f6chten mit euch einen Beitrag dazu leisten, dass auch diese Menschen ein sch\u00f6nes Weihnachtsfest haben\u201c, forderten die SV-Vertreter Lisa L\u00fccken und Sabrina Ahaus gemeinsam mit der SV-Betreuerin M Geers auf, Weihnachtspakete in der Schule abzugeben.Die Pakete wurden im Beisein der Sch\u00fcler und des Schulleiters Lothar Schulz an Michael Musolf (rechts) vom H\u00fcmmlinger Agapetisch \u00fcbergeben. Musolf bedankte sich herzlich bei den Sch\u00fclern f\u00fcr die durchgef\u00fchrte Aktion. <\/span><\/span><\/p>\n<p><span style=\"font-family: Arial,sans-serif;\"><span style=\"font-size: x-small;\"><a href=\"https:\/\/www.forum-soegel.de\/information\/wp-content\/uploads\/2010\/01\/Agape.jpg\"><img loading=\"lazy\" decoding=\"async\" class=\"alignnone size-medium wp-image-879\" title=\"Agape\" src=\"https:\/\/www.forum-soegel.de\/information\/wp-content\/uploads\/2010\/01\/Agape-300x225.jpg\" alt=\"\" width=\"300\" height=\"225\" srcset=\"https:\/\/www.forum-soegel.de\/information\/wp-content\/uploads\/2010\/01\/Agape-300x225.jpg 300w, https:\/\/www.forum-soegel.de\/information\/wp-content\/uploads\/2010\/01\/Agape-1024x768.jpg 1024w, https:\/\/www.forum-soegel.de\/information\/wp-content\/uploads\/2010\/01\/Agape.jpg 1632w\" sizes=\"auto, (max-width: 300px) 100vw, 300px\" \/><\/a><\/span><\/span><\/p>\n<p><span style=\"font-family: Arial,sans-serif;\"><span style=\"font-size: xx-small;\">Text\/Foto:IC<\/span><\/span><\/p>\n","protected":false},"excerpt":{"rendered":"In Zusammenarbeit mit dem H\u00fcmmlinger Agape Tisch haben die Sch\u00fclerinnen und Sch\u00fcler der Schule am Schloss in S\u00f6gel Weihnachtsp\u00e4ckchen f\u00fcr Bed\u00fcrftige aus S\u00f6gel und Umgebung gepackt. Die SV (Sch\u00fclervertretung) will damit das Ansinnen des Agapetisches, Menschen in einer schwierigen Zeit zu \u00fcberbr\u00fccken und ihnen Motivation f\u00fcr die Zukunft zu geben, unterst\u00fctzen.\u201eWir m\u00f6chten mit euch einen [&hellip;]\n","protected":false},"author":2,"featured_media":0,"comment_status":"closed","ping_status":"closed","sticky":false,"template":"","format":"standard","meta":{"ngg_post_thumbnail":0,"footnotes":""},"categories":[6],"tags":[145],"class_list":["post-594","post","type-post","status-publish","format-standard","hentry","category-aus-der-schule-geplaudert","tag-schule-am-schloss"],"_links":{"self":[{"href":"https:\/\/www.forum-soegel.de\/information\/wp-json\/wp\/v2\/posts\/594","targetHints":{"allow":["GET"]}}],"collection":[{"href":"https:\/\/www.forum-soegel.de\/information\/wp-json\/wp\/v2\/posts"}],"about":[{"href":"https:\/\/www.forum-soegel.de\/information\/wp-json\/wp\/v2\/types\/post"}],"author":[{"embeddable":true,"href":"https:\/\/www.forum-soegel.de\/information\/wp-json\/wp\/v2\/users\/2"}],"replies":[{"embeddable":true,"href":"https:\/\/www.forum-soegel.de\/information\/wp-json\/wp\/v2\/comments?post=594"}],"version-history":[{"count":2,"href":"https:\/\/www.forum-soegel.de\/information\/wp-json\/wp\/v2\/posts\/594\/revisions"}],"predecessor-version":[{"id":880,"href":"https:\/\/www.forum-soegel.de\/information\/wp-json\/wp\/v2\/posts\/594\/revisions\/880"}],"wp:attachment":[{"href":"https:\/\/www.forum-soegel.de\/information\/wp-json\/wp\/v2\/media?parent=594"}],"wp:term":[{"taxonomy":"category","embeddable":true,"href":"https:\/\/www.forum-soegel.de\/information\/wp-json\/wp\/v2\/categories?post=594"},{"taxonomy":"post_tag","embeddable":true,"href":"https:\/\/www.forum-soegel.de\/information\/wp-json\/wp\/v2\/tags?post=594"}],"curies":[{"name":"wp","href":"https:\/\/api.w.org\/{rel}","templated":true}]}}