{"id":5934,"date":"2011-09-01T00:57:05","date_gmt":"2011-08-31T22:57:05","guid":{"rendered":"https:\/\/www.forum-soegel.de\/information\/?p=5934"},"modified":"2011-08-29T19:58:56","modified_gmt":"2011-08-29T17:58:56","slug":"mini-lager-der-malteser","status":"publish","type":"post","link":"https:\/\/www.forum-soegel.de\/information\/2011\/09\/mini-lager-der-malteser\/","title":{"rendered":"Mini-Lager der Malteser"},"content":{"rendered":"<p>Ein langes Wochenende ganz ohne Eltern verleben, das wollten 20 Kinder im Alter von 6 bis\u00a0 8 Jahren aus Werpeloh. Gleich zu Beginn der Ferien machten sie sich voller Vorfreude auf den Weg nach Werlte, einer Gemeinde nur 12 km entfernt und doch ganz weit entfernt f\u00fcr die Kleinen.<\/p>\n<p>Begleitet von\u00a07 Gruppenleitern und Kochfrauen des Maltesers H\u00fcmmling nahmen sie das Jugendheim Werlte in Windeseile in Beschlag. Damit bei den Kindern keine Langeweile aufkam, war das Programm umfangreich gestaltet worden.<\/p>\n<p>So stand der Besuch des \u00f6rtlichen Schwimmbades ebenso auf dem Programm wie eine Nachtwanderung durch den nahe gelegenen Wald. Der Besuch der Werlter Spielelandschaft \u201eSpringmaus\u201c war ein weiterer H\u00f6hepunkt. Nach dem ausgef\u00fclltem Tagesprogramm versammelten sich alle um das Lagerfeuer, um Stockbrote zu grillen und den Sommerabend friedlich ausklingen zu lassen.<\/p>\n<p>Am zweiten Abend fand eine Disco statt, auf die sich die Kinder besonders gefreut hatten.<\/p>\n<p>Hier wurde, ganz den Gro\u00dfen nacheifernd, sich gestylt und geschminkt und anschlie\u00dfend wie wild zur Musik getanzt.\u00a0<\/p>\n<p>Die Versorgung der ganzen Mannschaft \u00fcbernahmen die \u201eKochfrauen\u201c Elisabeth, Andrea und B\u00e4rbel, die das leibliche Wohlergehen der Kinder immer im Auge hatten. Nach 3 Tagen mit bestem Wetter kehrten die Kinder gl\u00fccklich, aber etwas m\u00fcde zu ihren Eltern zur\u00fcck und hatten eine Menge zu erz\u00e4hlen. Die Mini-Lager werden schon seit 14 Jahren allj\u00e4hrlich von der Ortsgruppe Werpeloh angeboten.\u00a0<\/p>\n<p>Text\/Foto: \u00a0Sonja Kruithoff Leiterin Ausbildung<\/p>\n<p><a href=\"https:\/\/www.forum-soegel.de\/information\/wp-content\/uploads\/2011\/08\/Minilager-der-Malteser.jpg\"><img loading=\"lazy\" decoding=\"async\" class=\"alignnone size-medium wp-image-5935\" title=\"Minilager der Malteser\" src=\"https:\/\/www.forum-soegel.de\/information\/wp-content\/uploads\/2011\/08\/Minilager-der-Malteser-300x225.jpg\" alt=\"\" width=\"300\" height=\"225\" srcset=\"https:\/\/www.forum-soegel.de\/information\/wp-content\/uploads\/2011\/08\/Minilager-der-Malteser-300x225.jpg 300w, https:\/\/www.forum-soegel.de\/information\/wp-content\/uploads\/2011\/08\/Minilager-der-Malteser.jpg 1024w\" sizes=\"auto, (max-width: 300px) 100vw, 300px\" \/><\/a><\/p>\n","protected":false},"excerpt":{"rendered":"Ein langes Wochenende ganz ohne Eltern verleben, das wollten 20 Kinder im Alter von 6 bis\u00a0 8 Jahren aus Werpeloh. Gleich zu Beginn der Ferien machten sie sich voller Vorfreude auf den Weg nach Werlte, einer Gemeinde nur 12 km entfernt und doch ganz weit entfernt f\u00fcr die Kleinen. Begleitet von\u00a07 Gruppenleitern und Kochfrauen des [&hellip;]\n","protected":false},"author":2,"featured_media":0,"comment_status":"closed","ping_status":"closed","sticky":false,"template":"","format":"standard","meta":{"ngg_post_thumbnail":0,"footnotes":""},"categories":[5],"tags":[123],"class_list":["post-5934","post","type-post","status-publish","format-standard","hentry","category-was-machen-die-vereine","tag-malteser"],"_links":{"self":[{"href":"https:\/\/www.forum-soegel.de\/information\/wp-json\/wp\/v2\/posts\/5934","targetHints":{"allow":["GET"]}}],"collection":[{"href":"https:\/\/www.forum-soegel.de\/information\/wp-json\/wp\/v2\/posts"}],"about":[{"href":"https:\/\/www.forum-soegel.de\/information\/wp-json\/wp\/v2\/types\/post"}],"author":[{"embeddable":true,"href":"https:\/\/www.forum-soegel.de\/information\/wp-json\/wp\/v2\/users\/2"}],"replies":[{"embeddable":true,"href":"https:\/\/www.forum-soegel.de\/information\/wp-json\/wp\/v2\/comments?post=5934"}],"version-history":[{"count":1,"href":"https:\/\/www.forum-soegel.de\/information\/wp-json\/wp\/v2\/posts\/5934\/revisions"}],"predecessor-version":[{"id":5936,"href":"https:\/\/www.forum-soegel.de\/information\/wp-json\/wp\/v2\/posts\/5934\/revisions\/5936"}],"wp:attachment":[{"href":"https:\/\/www.forum-soegel.de\/information\/wp-json\/wp\/v2\/media?parent=5934"}],"wp:term":[{"taxonomy":"category","embeddable":true,"href":"https:\/\/www.forum-soegel.de\/information\/wp-json\/wp\/v2\/categories?post=5934"},{"taxonomy":"post_tag","embeddable":true,"href":"https:\/\/www.forum-soegel.de\/information\/wp-json\/wp\/v2\/tags?post=5934"}],"curies":[{"name":"wp","href":"https:\/\/api.w.org\/{rel}","templated":true}]}}