{"id":588,"date":"2010-01-22T18:58:17","date_gmt":"2010-01-22T16:58:17","guid":{"rendered":"https:\/\/www.forum-soegel.de\/information\/?p=588"},"modified":"2010-03-10T21:24:41","modified_gmt":"2010-03-10T19:24:41","slug":"neueroffnung-am-muhlenberg-2","status":"publish","type":"post","link":"https:\/\/www.forum-soegel.de\/information\/2010\/01\/neueroffnung-am-muhlenberg-2\/","title":{"rendered":"Neuer\u00f6ffnung am M\u00fchlenberg"},"content":{"rendered":"<p><!-- \t\t@page { margin: 2cm } \t\tP { margin-bottom: 0.21cm } -->\u201e<span style=\"font-family: Arial,sans-serif;\"><span style=\"font-size: x-small;\">Reich an Kreativit\u00e4t\u201c ist das Werbelogo und gleichzeitig die Angebotspalette, die von der Firma Bautenservice Reich in S\u00f6gel im Gewerbezentrum M\u00fchlenberg pr\u00e4sentiert wird. Die Inhaber Thomas und Irena Reich errichteten in der Von-Stauffenberg-Str. 1 ein modernes 350 Quadratmeter gro\u00dfes Geb\u00e4ude, das sowohl f\u00fcr eine interessante Ausstellung mit einer breiten Produktpalette zum Thema Wohnen als auch Werkstattr\u00e4umlichkeiten f\u00fcr den Malerbetrieb umfasst. Die Firma \u201eMBS Deko Team Gardinen\u201c erg\u00e4nzt das Angebot mit einer eigenen Abteilung. Zur Er\u00f6ffnung gratulierten Vertreter von Gemeinde und HGV sowie die Nachbarn und Gesch\u00e4ftspartner. Unser Foto zeigt vorne das Ehepaar Irena und Thomas Reich, in der zweiten Reihe von links Hermann Bunten von der Firma MBS, Architekt Hubert Radke, den stellvertretenden B\u00fcrgermeister Karl Steinbild und HGV-Vorstand Adolf Jelges. <\/span><\/span><\/p>\n<p><span style=\"font-family: Arial,sans-serif;\"><span style=\"font-size: x-small;\"><a href=\"https:\/\/www.forum-soegel.de\/information\/wp-content\/uploads\/2010\/01\/Maler-Reich.jpg\"><img loading=\"lazy\" decoding=\"async\" class=\"alignnone size-medium wp-image-859\" title=\"Maler Reich\" src=\"https:\/\/www.forum-soegel.de\/information\/wp-content\/uploads\/2010\/01\/Maler-Reich-300x200.jpg\" alt=\"\" width=\"300\" height=\"200\" srcset=\"https:\/\/www.forum-soegel.de\/information\/wp-content\/uploads\/2010\/01\/Maler-Reich-300x200.jpg 300w, https:\/\/www.forum-soegel.de\/information\/wp-content\/uploads\/2010\/01\/Maler-Reich-1024x682.jpg 1024w, https:\/\/www.forum-soegel.de\/information\/wp-content\/uploads\/2010\/01\/Maler-Reich.jpg 1728w\" sizes=\"auto, (max-width: 300px) 100vw, 300px\" \/><\/a><\/span><\/span><\/p>\n<p><span style=\"font-family: Arial,sans-serif;\"><span style=\"font-size: xx-small;\">Text\/Foto: LB<\/span><\/span><\/p>\n","protected":false},"excerpt":{"rendered":"\u201eReich an Kreativit\u00e4t\u201c ist das Werbelogo und gleichzeitig die Angebotspalette, die von der Firma Bautenservice Reich in S\u00f6gel im Gewerbezentrum M\u00fchlenberg pr\u00e4sentiert wird. Die Inhaber Thomas und Irena Reich errichteten in der Von-Stauffenberg-Str. 1 ein modernes 350 Quadratmeter gro\u00dfes Geb\u00e4ude, das sowohl f\u00fcr eine interessante Ausstellung mit einer breiten Produktpalette zum Thema Wohnen als auch [&hellip;]\n","protected":false},"author":2,"featured_media":0,"comment_status":"closed","ping_status":"closed","sticky":false,"template":"","format":"standard","meta":{"ngg_post_thumbnail":0,"footnotes":""},"categories":[4],"tags":[],"class_list":["post-588","post","type-post","status-publish","format-standard","hentry","category-aus-der-geschaftswelt"],"_links":{"self":[{"href":"https:\/\/www.forum-soegel.de\/information\/wp-json\/wp\/v2\/posts\/588","targetHints":{"allow":["GET"]}}],"collection":[{"href":"https:\/\/www.forum-soegel.de\/information\/wp-json\/wp\/v2\/posts"}],"about":[{"href":"https:\/\/www.forum-soegel.de\/information\/wp-json\/wp\/v2\/types\/post"}],"author":[{"embeddable":true,"href":"https:\/\/www.forum-soegel.de\/information\/wp-json\/wp\/v2\/users\/2"}],"replies":[{"embeddable":true,"href":"https:\/\/www.forum-soegel.de\/information\/wp-json\/wp\/v2\/comments?post=588"}],"version-history":[{"count":4,"href":"https:\/\/www.forum-soegel.de\/information\/wp-json\/wp\/v2\/posts\/588\/revisions"}],"predecessor-version":[{"id":862,"href":"https:\/\/www.forum-soegel.de\/information\/wp-json\/wp\/v2\/posts\/588\/revisions\/862"}],"wp:attachment":[{"href":"https:\/\/www.forum-soegel.de\/information\/wp-json\/wp\/v2\/media?parent=588"}],"wp:term":[{"taxonomy":"category","embeddable":true,"href":"https:\/\/www.forum-soegel.de\/information\/wp-json\/wp\/v2\/categories?post=588"},{"taxonomy":"post_tag","embeddable":true,"href":"https:\/\/www.forum-soegel.de\/information\/wp-json\/wp\/v2\/tags?post=588"}],"curies":[{"name":"wp","href":"https:\/\/api.w.org\/{rel}","templated":true}]}}