{"id":5853,"date":"2011-09-01T00:49:58","date_gmt":"2011-08-31T22:49:58","guid":{"rendered":"https:\/\/www.forum-soegel.de\/information\/?p=5853"},"modified":"2011-08-29T15:03:52","modified_gmt":"2011-08-29T13:03:52","slug":"17-jugendfeuerwehrgruppen-werden-in-sogel-gepruft","status":"publish","type":"post","link":"https:\/\/www.forum-soegel.de\/information\/2011\/09\/17-jugendfeuerwehrgruppen-werden-in-sogel-gepruft\/","title":{"rendered":"17 Jugendfeuerwehrgruppen werden in S\u00f6gel gepr\u00fcft"},"content":{"rendered":"<p>Am 17. September f\u00fchrt die Jugendfeuerwehr S\u00f6gel im Auftrage der Kreisjugendfeuerwehr Emsland eine Leistungsspangenabnahme in S\u00f6gel durch. Zu dieser Veranstaltung &#8211;\u00a0 auf dem Sportgel\u00e4nde der Schule am Schloss durchgef\u00fchrt &#8211;\u00a0 haben sich 17 Jugendfeuerwehren aus dem ehemaligen Regierungsbezirk Weser &#8211; Ems angemeldet.<\/p>\n<p>Die Leistungsspange ist die h\u00f6chste Auszeichnung, die ein Mitglied der Jugendfeuerwehr w\u00e4hrend seiner Laufbahn erwerben kann. Die Teilnehmergruppen stellen sich einem Wertungsrichterteam bei folgenden Aufgaben: fehlerfreies Aufbauen eines L\u00f6schangriffs; eine Schnelligkeits\u00fcbung (Ausrollen von 8 C-Schl\u00e4uchen ohne Verdrehung innerhalb einer vorgegebenen Richtzeit), Kugelsto\u00dfen mit einer vorgegebenen Mindestweite, ein 1500- m- Staffellauf und eine\u00a0 m\u00fcndliche Pr\u00fcfung, in der das Allgemeinwissen abgefragt wird. Erreicht die Gruppe bei all diesen Aufgaben, die mit Punkten bewertet werden, die Mindestpunktzahl, so ist die Abnahme bestanden, und die begehrten Abzeichen werden zum Abschluss der Veranstaltung feierlich \u00fcbergeben. Da die Abnahme nur in der Gruppe bestanden werden kann, f\u00f6rdert sie den Zusammenhalt und bereitet auf den aktiven Dienst vor. Im Ernstfall muss sich jeder Feuerwehrmann auch auf seine Kameraden verlassen k\u00f6nnen.<\/p>\n<p>Die Veranstaltung ist der H\u00f6hepunkt im Jubil\u00e4umsjahr der Jugendfeuerwehr S\u00f6gel. Diese ist sehr stolz, dass die Abnahme \u00a02011 in S\u00f6gel stattfindet.\u00a0<\/p>\n<p>Text\/Foto: LB<\/p>\n<p><a href=\"https:\/\/www.forum-soegel.de\/information\/wp-content\/uploads\/2011\/09\/17-Jugendfeuerwehrgruppenl.jpg\"><img loading=\"lazy\" decoding=\"async\" class=\"alignnone size-medium wp-image-5857\" title=\"17 Jugendfeuerwehrgruppenl\" src=\"https:\/\/www.forum-soegel.de\/information\/wp-content\/uploads\/2011\/09\/17-Jugendfeuerwehrgruppenl-300x169.jpg\" alt=\"\" width=\"300\" height=\"169\" srcset=\"https:\/\/www.forum-soegel.de\/information\/wp-content\/uploads\/2011\/09\/17-Jugendfeuerwehrgruppenl-300x169.jpg 300w, https:\/\/www.forum-soegel.de\/information\/wp-content\/uploads\/2011\/09\/17-Jugendfeuerwehrgruppenl.jpg 1024w\" sizes=\"auto, (max-width: 300px) 100vw, 300px\" \/><\/a><\/p>\n","protected":false},"excerpt":{"rendered":"Am 17. September f\u00fchrt die Jugendfeuerwehr S\u00f6gel im Auftrage der Kreisjugendfeuerwehr Emsland eine Leistungsspangenabnahme in S\u00f6gel durch. Zu dieser Veranstaltung &#8211;\u00a0 auf dem Sportgel\u00e4nde der Schule am Schloss durchgef\u00fchrt &#8211;\u00a0 haben sich 17 Jugendfeuerwehren aus dem ehemaligen Regierungsbezirk Weser &#8211; Ems angemeldet. Die Leistungsspange ist die h\u00f6chste Auszeichnung, die ein Mitglied der Jugendfeuerwehr w\u00e4hrend seiner [&hellip;]\n","protected":false},"author":2,"featured_media":0,"comment_status":"closed","ping_status":"closed","sticky":false,"template":"","format":"standard","meta":{"ngg_post_thumbnail":0,"footnotes":""},"categories":[3],"tags":[332],"class_list":["post-5853","post","type-post","status-publish","format-standard","hentry","category-aktuelles-aus-der-region","tag-jugendfeuerwehr"],"_links":{"self":[{"href":"https:\/\/www.forum-soegel.de\/information\/wp-json\/wp\/v2\/posts\/5853","targetHints":{"allow":["GET"]}}],"collection":[{"href":"https:\/\/www.forum-soegel.de\/information\/wp-json\/wp\/v2\/posts"}],"about":[{"href":"https:\/\/www.forum-soegel.de\/information\/wp-json\/wp\/v2\/types\/post"}],"author":[{"embeddable":true,"href":"https:\/\/www.forum-soegel.de\/information\/wp-json\/wp\/v2\/users\/2"}],"replies":[{"embeddable":true,"href":"https:\/\/www.forum-soegel.de\/information\/wp-json\/wp\/v2\/comments?post=5853"}],"version-history":[{"count":4,"href":"https:\/\/www.forum-soegel.de\/information\/wp-json\/wp\/v2\/posts\/5853\/revisions"}],"predecessor-version":[{"id":5855,"href":"https:\/\/www.forum-soegel.de\/information\/wp-json\/wp\/v2\/posts\/5853\/revisions\/5855"}],"wp:attachment":[{"href":"https:\/\/www.forum-soegel.de\/information\/wp-json\/wp\/v2\/media?parent=5853"}],"wp:term":[{"taxonomy":"category","embeddable":true,"href":"https:\/\/www.forum-soegel.de\/information\/wp-json\/wp\/v2\/categories?post=5853"},{"taxonomy":"post_tag","embeddable":true,"href":"https:\/\/www.forum-soegel.de\/information\/wp-json\/wp\/v2\/tags?post=5853"}],"curies":[{"name":"wp","href":"https:\/\/api.w.org\/{rel}","templated":true}]}}