{"id":5837,"date":"2011-09-01T00:56:52","date_gmt":"2011-08-31T22:56:52","guid":{"rendered":"https:\/\/www.forum-soegel.de\/information\/?p=5837"},"modified":"2011-08-29T11:59:38","modified_gmt":"2011-08-29T09:59:38","slug":"feuerwehr-sogel-stellt-beide-schutzenkonige","status":"publish","type":"post","link":"https:\/\/www.forum-soegel.de\/information\/2011\/09\/feuerwehr-sogel-stellt-beide-schutzenkonige\/","title":{"rendered":"Feuerwehr S\u00f6gel stellt beide Sch\u00fctzenk\u00f6nige"},"content":{"rendered":"<p>Jugendfeuerwehrmann Nico Grotjohann, Sohn des aktiven Feuerwehrkameraden Siegfried Grotjohann und seiner Ehefrau Brigit, errang am\u00a0 S\u00f6geler Sch\u00fctzenfestsonntag die W\u00fcrde des Kinderk\u00f6nigs. Zur K\u00f6nigin w\u00e4hlte er Vivien Inholte.\u00a0 Nick Kuhnke mit Ria Blank und Matthis Jansen mit Lea Sanders bilden das Gefolge.<\/p>\n<p>Am Sch\u00fctzenfestmontag traf dann Feuerwehrmann J\u00fcrgen Grote ins Schwarze und wurde zum Sch\u00fctzenk\u00f6nig 2011\/2012 proklamiert. Er w\u00e4hlte seine Partnerin Helen Gerdels zur K\u00f6nigin .\u00a0 Zur Throngemeinschaft erkor Grote vier Feuerwehrleute mit ihren Partnerinnen: Guido Vagedes mit Verena Witte, J\u00fcrgen und Petra Nortmann,\u00a0 Sonja und Frank\u00a0 Tholen sowie Christoph\u00a0 und Bettina Koning. Die Freiwillige Feuerwehr S\u00f6gel freute sich, gleich zwei Majest\u00e4ten in ihren Reihen zu haben und beschloss spontan, am Montagssch\u00fctzenmarsch teilzunehmen. Rund 30 Feuerwehrfrauen und &#8211; m\u00e4nner verst\u00e4rkten den Umzug zum Sch\u00fctzenplatz.<\/p>\n<p>Text: LB Foto: Oldiges<\/p>\n<p><a href=\"https:\/\/www.forum-soegel.de\/information\/wp-content\/uploads\/2011\/08\/Feuerwehr-stellt-Sch\u00fctzenk\u00f6nige.jpg\"><img loading=\"lazy\" decoding=\"async\" class=\"alignnone size-medium wp-image-5838\" title=\"Feuerwehr stellt Sch\u00fctzenk\u00f6nige\" src=\"https:\/\/www.forum-soegel.de\/information\/wp-content\/uploads\/2011\/08\/Feuerwehr-stellt-Sch\u00fctzenk\u00f6nige-300x199.jpg\" alt=\"\" width=\"300\" height=\"199\" srcset=\"https:\/\/www.forum-soegel.de\/information\/wp-content\/uploads\/2011\/08\/Feuerwehr-stellt-Sch\u00fctzenk\u00f6nige-300x199.jpg 300w, https:\/\/www.forum-soegel.de\/information\/wp-content\/uploads\/2011\/08\/Feuerwehr-stellt-Sch\u00fctzenk\u00f6nige.jpg 1024w\" sizes=\"auto, (max-width: 300px) 100vw, 300px\" \/><\/a><\/p>\n","protected":false},"excerpt":{"rendered":"Jugendfeuerwehrmann Nico Grotjohann, Sohn des aktiven Feuerwehrkameraden Siegfried Grotjohann und seiner Ehefrau Brigit, errang am\u00a0 S\u00f6geler Sch\u00fctzenfestsonntag die W\u00fcrde des Kinderk\u00f6nigs. Zur K\u00f6nigin w\u00e4hlte er Vivien Inholte.\u00a0 Nick Kuhnke mit Ria Blank und Matthis Jansen mit Lea Sanders bilden das Gefolge. Am Sch\u00fctzenfestmontag traf dann Feuerwehrmann J\u00fcrgen Grote ins Schwarze und wurde zum Sch\u00fctzenk\u00f6nig 2011\/2012 [&hellip;]\n","protected":false},"author":2,"featured_media":0,"comment_status":"closed","ping_status":"closed","sticky":false,"template":"","format":"standard","meta":{"ngg_post_thumbnail":0,"footnotes":""},"categories":[5],"tags":[113],"class_list":["post-5837","post","type-post","status-publish","format-standard","hentry","category-was-machen-die-vereine","tag-feuerwehr"],"_links":{"self":[{"href":"https:\/\/www.forum-soegel.de\/information\/wp-json\/wp\/v2\/posts\/5837","targetHints":{"allow":["GET"]}}],"collection":[{"href":"https:\/\/www.forum-soegel.de\/information\/wp-json\/wp\/v2\/posts"}],"about":[{"href":"https:\/\/www.forum-soegel.de\/information\/wp-json\/wp\/v2\/types\/post"}],"author":[{"embeddable":true,"href":"https:\/\/www.forum-soegel.de\/information\/wp-json\/wp\/v2\/users\/2"}],"replies":[{"embeddable":true,"href":"https:\/\/www.forum-soegel.de\/information\/wp-json\/wp\/v2\/comments?post=5837"}],"version-history":[{"count":1,"href":"https:\/\/www.forum-soegel.de\/information\/wp-json\/wp\/v2\/posts\/5837\/revisions"}],"predecessor-version":[{"id":5839,"href":"https:\/\/www.forum-soegel.de\/information\/wp-json\/wp\/v2\/posts\/5837\/revisions\/5839"}],"wp:attachment":[{"href":"https:\/\/www.forum-soegel.de\/information\/wp-json\/wp\/v2\/media?parent=5837"}],"wp:term":[{"taxonomy":"category","embeddable":true,"href":"https:\/\/www.forum-soegel.de\/information\/wp-json\/wp\/v2\/categories?post=5837"},{"taxonomy":"post_tag","embeddable":true,"href":"https:\/\/www.forum-soegel.de\/information\/wp-json\/wp\/v2\/tags?post=5837"}],"curies":[{"name":"wp","href":"https:\/\/api.w.org\/{rel}","templated":true}]}}