{"id":5833,"date":"2011-09-01T00:54:09","date_gmt":"2011-08-31T22:54:09","guid":{"rendered":"https:\/\/www.forum-soegel.de\/information\/?p=5833"},"modified":"2011-08-29T11:56:44","modified_gmt":"2011-08-29T09:56:44","slug":"1-sommerzeltlager-der-schutzenkapelle","status":"publish","type":"post","link":"https:\/\/www.forum-soegel.de\/information\/2011\/09\/1-sommerzeltlager-der-schutzenkapelle\/","title":{"rendered":"1. Sommerzeltlager der Sch\u00fctzenkapelle"},"content":{"rendered":"<p>Die Sch\u00fctzenkapelle traf sich zum ersten Sommerzeltlager der SKS auf dem Hof vom Markus Frese (Tubist) am 3. Aug. 2011.<\/p>\n<p>Ab 16.00h trafen sich ca. 30 Mitglieder der Sch\u00fctzenkapelle zum 1. Zeltlager der SKS. Unter ihnen waren auch 8 Heimschl\u00e4fer.<\/p>\n<p>Bei entsprechender Lagerfeuerromantik gab es Gegrilltes, Salate und Stockbrot. Unter anderem wurde das M\u00e4rchen von Schneewittchen aufgef\u00fchrt. Hierzu mussten diverse Kapellenmitglieder (ohne Kenntnis der Aktionen) als Akteure teilnehmen. Da Jung und Alt an dem Zeltlager teilnahmen, wurden keine &#8222;harten&#8220; Alkoholika gereicht. Zu sp\u00e4ter Stunde wurde mit Gitarrenmusik und Gesang der Abend beendet.<\/p>\n<p>Am n\u00e4chsten Morgen fand zum Abschluss ein gemeinsames Fr\u00fchst\u00fcck statt. Danach wurden die Zelte abgebrochen.<\/p>\n<p>Text\/Foto: Werner R\u00fcdebusch Vereine-Spahnharrenst\u00e4tte<\/p>\n<p><a href=\"https:\/\/www.forum-soegel.de\/information\/wp-content\/uploads\/2011\/08\/Zeltlager1.jpg\"><img loading=\"lazy\" decoding=\"async\" class=\"alignnone size-medium wp-image-5834\" title=\"Zeltlager1\" src=\"https:\/\/www.forum-soegel.de\/information\/wp-content\/uploads\/2011\/08\/Zeltlager1-300x200.jpg\" alt=\"\" width=\"300\" height=\"200\" srcset=\"https:\/\/www.forum-soegel.de\/information\/wp-content\/uploads\/2011\/08\/Zeltlager1-300x200.jpg 300w, https:\/\/www.forum-soegel.de\/information\/wp-content\/uploads\/2011\/08\/Zeltlager1.jpg 900w\" sizes=\"auto, (max-width: 300px) 100vw, 300px\" \/><\/a><\/p>\n","protected":false},"excerpt":{"rendered":"Die Sch\u00fctzenkapelle traf sich zum ersten Sommerzeltlager der SKS auf dem Hof vom Markus Frese (Tubist) am 3. Aug. 2011. Ab 16.00h trafen sich ca. 30 Mitglieder der Sch\u00fctzenkapelle zum 1. Zeltlager der SKS. Unter ihnen waren auch 8 Heimschl\u00e4fer. Bei entsprechender Lagerfeuerromantik gab es Gegrilltes, Salate und Stockbrot. Unter anderem wurde das M\u00e4rchen von [&hellip;]\n","protected":false},"author":2,"featured_media":0,"comment_status":"closed","ping_status":"closed","sticky":false,"template":"","format":"standard","meta":{"ngg_post_thumbnail":0,"footnotes":""},"categories":[5],"tags":[195],"class_list":["post-5833","post","type-post","status-publish","format-standard","hentry","category-was-machen-die-vereine","tag-schutzenkapelle-spahnharrenstatte"],"_links":{"self":[{"href":"https:\/\/www.forum-soegel.de\/information\/wp-json\/wp\/v2\/posts\/5833","targetHints":{"allow":["GET"]}}],"collection":[{"href":"https:\/\/www.forum-soegel.de\/information\/wp-json\/wp\/v2\/posts"}],"about":[{"href":"https:\/\/www.forum-soegel.de\/information\/wp-json\/wp\/v2\/types\/post"}],"author":[{"embeddable":true,"href":"https:\/\/www.forum-soegel.de\/information\/wp-json\/wp\/v2\/users\/2"}],"replies":[{"embeddable":true,"href":"https:\/\/www.forum-soegel.de\/information\/wp-json\/wp\/v2\/comments?post=5833"}],"version-history":[{"count":2,"href":"https:\/\/www.forum-soegel.de\/information\/wp-json\/wp\/v2\/posts\/5833\/revisions"}],"predecessor-version":[{"id":5836,"href":"https:\/\/www.forum-soegel.de\/information\/wp-json\/wp\/v2\/posts\/5833\/revisions\/5836"}],"wp:attachment":[{"href":"https:\/\/www.forum-soegel.de\/information\/wp-json\/wp\/v2\/media?parent=5833"}],"wp:term":[{"taxonomy":"category","embeddable":true,"href":"https:\/\/www.forum-soegel.de\/information\/wp-json\/wp\/v2\/categories?post=5833"},{"taxonomy":"post_tag","embeddable":true,"href":"https:\/\/www.forum-soegel.de\/information\/wp-json\/wp\/v2\/tags?post=5833"}],"curies":[{"name":"wp","href":"https:\/\/api.w.org\/{rel}","templated":true}]}}