{"id":578,"date":"2010-01-01T17:39:06","date_gmt":"2010-01-01T15:39:06","guid":{"rendered":"https:\/\/www.forum-soegel.de\/information\/?p=578"},"modified":"2010-03-10T21:22:16","modified_gmt":"2010-03-10T19:22:16","slug":"fuhrungswechsel-bei-%e2%80%9eder-frisor%e2%80%9c","status":"publish","type":"post","link":"https:\/\/www.forum-soegel.de\/information\/2010\/01\/fuhrungswechsel-bei-%e2%80%9eder-frisor%e2%80%9c\/","title":{"rendered":"F\u00fchrungswechsel bei \u201eDer Fris\u00f6r\u201c"},"content":{"rendered":"<p>Nach 13 Jahren kreativer unternehmerischer T\u00e4tigkeit verabschiedet sich Maria Mandolla zum Jahresende in den wohlverdienten Ruhestand, nat\u00fcrlich nicht, ohne die Nachfolge f\u00fcr Ihren Frisiersalon geregelt zu haben.<\/p>\n<p>Ab 2. Januar 2010 \u00fcbernimmt mit Heidi Wekenborg die n\u00e4chste Generation das Gesch\u00e4ft. Die 30 j\u00e4hrige Friseurmeisterin, Betriebswirtin (HWK) und \u201eMaster of Color\u201c freut sich auf die neue Herausforderung. \u201eIch bin\u201c, so Heidi Wekenborg, \u201c\u00fcberzeugt, gemeinsam mit meinem sachkundigen Team, den bestehenden und m\u00f6glicherweise wachsenden Anspr\u00fcchen unserer Kunden gerecht zu werden\u201c. Sie betont, alle Mitarbeiter bleiben bei mir. Nach wie vor arbeitet \u201eder Fris\u00f6r\u201c mit exklusiven Produkten der Branche und legt viel Wert auf Kundenservice und fachlich kompetente Beratung. Heidi Wekenborg vers\u00e4umte nicht, Maria Mandolla alles Gute f\u00fcr ihren neuen Lebensabschnitt zu w\u00fcnschen und freute sich \u00fcber die Zusage Mandollas weiterhin mit Rat und Tat zur Verf\u00fcgung zu stehen und bei Engp\u00e4ssen oder Urlaubszeiten auszuhelfen.<\/p>\n<p>Auch wir vom Redaktionsteam w\u00fcnschen einen guten Start.<\/p>\n<div id=\"attachment_855\" style=\"width: 310px\" class=\"wp-caption alignnone\"><a href=\"https:\/\/www.forum-soegel.de\/information\/wp-content\/uploads\/2010\/01\/F\u00fchrungswechsel.jpg\"><img loading=\"lazy\" decoding=\"async\" aria-describedby=\"caption-attachment-855\" class=\"size-medium wp-image-855 \" title=\"F\u00fchrungswechsel\" src=\"https:\/\/www.forum-soegel.de\/information\/wp-content\/uploads\/2010\/01\/F\u00fchrungswechsel-300x225.jpg\" alt=\"\" width=\"300\" height=\"225\" srcset=\"https:\/\/www.forum-soegel.de\/information\/wp-content\/uploads\/2010\/01\/F\u00fchrungswechsel-300x225.jpg 300w, https:\/\/www.forum-soegel.de\/information\/wp-content\/uploads\/2010\/01\/F\u00fchrungswechsel-1023x767.jpg 1023w, https:\/\/www.forum-soegel.de\/information\/wp-content\/uploads\/2010\/01\/F\u00fchrungswechsel.jpg 1648w\" sizes=\"auto, (max-width: 300px) 100vw, 300px\" \/><\/a><p id=\"caption-attachment-855\" class=\"wp-caption-text\">Warum bei dieser anmutenden Mannschaft der Salon \u201eDer Fris\u00f6r\u201c hei\u00dft, blieb uns verborgen. Von links stehen: Irina Hart, Tanja Perk, Waltraud Kronabel, Monika Lammers, Janine M\u00f6ller, Birgit Grabellus, sitzend, Maria Mandolla, Heidi Wekenborg<\/p><\/div>\n<p>Text\/Foto: KS<\/p>\n","protected":false},"excerpt":{"rendered":"Nach 13 Jahren kreativer unternehmerischer T\u00e4tigkeit verabschiedet sich Maria Mandolla zum Jahresende in den wohlverdienten Ruhestand, nat\u00fcrlich nicht, ohne die Nachfolge f\u00fcr Ihren Frisiersalon geregelt zu haben. Ab 2. Januar 2010 \u00fcbernimmt mit Heidi Wekenborg die n\u00e4chste Generation das Gesch\u00e4ft. Die 30 j\u00e4hrige Friseurmeisterin, Betriebswirtin (HWK) und \u201eMaster of Color\u201c freut sich auf die neue [&hellip;]\n","protected":false},"author":2,"featured_media":0,"comment_status":"closed","ping_status":"closed","sticky":false,"template":"","format":"standard","meta":{"ngg_post_thumbnail":0,"footnotes":""},"categories":[4],"tags":[137,138],"class_list":["post-578","post","type-post","status-publish","format-standard","hentry","category-aus-der-geschaftswelt","tag-der-frisor","tag-master-of-color"],"_links":{"self":[{"href":"https:\/\/www.forum-soegel.de\/information\/wp-json\/wp\/v2\/posts\/578","targetHints":{"allow":["GET"]}}],"collection":[{"href":"https:\/\/www.forum-soegel.de\/information\/wp-json\/wp\/v2\/posts"}],"about":[{"href":"https:\/\/www.forum-soegel.de\/information\/wp-json\/wp\/v2\/types\/post"}],"author":[{"embeddable":true,"href":"https:\/\/www.forum-soegel.de\/information\/wp-json\/wp\/v2\/users\/2"}],"replies":[{"embeddable":true,"href":"https:\/\/www.forum-soegel.de\/information\/wp-json\/wp\/v2\/comments?post=578"}],"version-history":[{"count":4,"href":"https:\/\/www.forum-soegel.de\/information\/wp-json\/wp\/v2\/posts\/578\/revisions"}],"predecessor-version":[{"id":857,"href":"https:\/\/www.forum-soegel.de\/information\/wp-json\/wp\/v2\/posts\/578\/revisions\/857"}],"wp:attachment":[{"href":"https:\/\/www.forum-soegel.de\/information\/wp-json\/wp\/v2\/media?parent=578"}],"wp:term":[{"taxonomy":"category","embeddable":true,"href":"https:\/\/www.forum-soegel.de\/information\/wp-json\/wp\/v2\/categories?post=578"},{"taxonomy":"post_tag","embeddable":true,"href":"https:\/\/www.forum-soegel.de\/information\/wp-json\/wp\/v2\/tags?post=578"}],"curies":[{"name":"wp","href":"https:\/\/api.w.org\/{rel}","templated":true}]}}