{"id":576,"date":"2010-01-01T17:36:32","date_gmt":"2010-01-01T15:36:32","guid":{"rendered":"https:\/\/www.forum-soegel.de\/information\/?p=576"},"modified":"2010-03-10T21:16:54","modified_gmt":"2010-03-10T19:16:54","slug":"lichterfest-des-hgv-am-samstag-den-28-11","status":"publish","type":"post","link":"https:\/\/www.forum-soegel.de\/information\/2010\/01\/lichterfest-des-hgv-am-samstag-den-28-11\/","title":{"rendered":"Lichterfest des HGV am Samstag den 28.11."},"content":{"rendered":"<p>Dank sorgf\u00e4ltiger Vorbereitung durch den Handel- u. Gewerbeverein konnten die vielen Besucher ein paar sch\u00f6ne und besinnliche Stunden miteinander verbringen.<\/p>\n<p>Ein ansehnlicher Weihnachtsbaum erstrahlt in den kommenden Wochen und erinnert an das bevorstehende Weichnachtsfest.<\/p>\n<p>Vorsitzender Hermann Meyer er\u00f6ffnete diese Veranstaltung, bevor unser Kaplan den den Segen erteilte. Gru\u00dfworte folgten durch B\u00fcrgermeister Hubert Lager. Er w\u00fcnschte allen ein paar angenehme Stunden bei Gl\u00fchwein und musikalischer Unterhaltung durch eine Bl\u00e4sergruppe unserer Sch\u00fctzenkapelle.<\/p>\n<p><a href=\"https:\/\/www.forum-soegel.de\/information\/wp-content\/uploads\/2010\/01\/Lichterfest.jpg\"><img loading=\"lazy\" decoding=\"async\" class=\"alignnone size-medium wp-image-852\" title=\"Lichterfest\" src=\"https:\/\/www.forum-soegel.de\/information\/wp-content\/uploads\/2010\/01\/Lichterfest-300x225.jpg\" alt=\"\" width=\"300\" height=\"225\" srcset=\"https:\/\/www.forum-soegel.de\/information\/wp-content\/uploads\/2010\/01\/Lichterfest-300x225.jpg 300w, https:\/\/www.forum-soegel.de\/information\/wp-content\/uploads\/2010\/01\/Lichterfest.jpg 480w\" sizes=\"auto, (max-width: 300px) 100vw, 300px\" \/><\/a><\/p>\n<p>Text\/Foto: Willi Wigbers, Vereine-Spahnharrenst\u00e4tte<\/p>\n","protected":false},"excerpt":{"rendered":"Dank sorgf\u00e4ltiger Vorbereitung durch den Handel- u. Gewerbeverein konnten die vielen Besucher ein paar sch\u00f6ne und besinnliche Stunden miteinander verbringen. Ein ansehnlicher Weihnachtsbaum erstrahlt in den kommenden Wochen und erinnert an das bevorstehende Weichnachtsfest. Vorsitzender Hermann Meyer er\u00f6ffnete diese Veranstaltung, bevor unser Kaplan den den Segen erteilte. Gru\u00dfworte folgten durch B\u00fcrgermeister Hubert Lager. Er w\u00fcnschte [&hellip;]\n","protected":false},"author":2,"featured_media":0,"comment_status":"closed","ping_status":"closed","sticky":false,"template":"","format":"standard","meta":{"ngg_post_thumbnail":0,"footnotes":""},"categories":[4],"tags":[19,136],"class_list":["post-576","post","type-post","status-publish","format-standard","hentry","category-aus-der-geschaftswelt","tag-hgv","tag-lichterfest"],"_links":{"self":[{"href":"https:\/\/www.forum-soegel.de\/information\/wp-json\/wp\/v2\/posts\/576","targetHints":{"allow":["GET"]}}],"collection":[{"href":"https:\/\/www.forum-soegel.de\/information\/wp-json\/wp\/v2\/posts"}],"about":[{"href":"https:\/\/www.forum-soegel.de\/information\/wp-json\/wp\/v2\/types\/post"}],"author":[{"embeddable":true,"href":"https:\/\/www.forum-soegel.de\/information\/wp-json\/wp\/v2\/users\/2"}],"replies":[{"embeddable":true,"href":"https:\/\/www.forum-soegel.de\/information\/wp-json\/wp\/v2\/comments?post=576"}],"version-history":[{"count":3,"href":"https:\/\/www.forum-soegel.de\/information\/wp-json\/wp\/v2\/posts\/576\/revisions"}],"predecessor-version":[{"id":853,"href":"https:\/\/www.forum-soegel.de\/information\/wp-json\/wp\/v2\/posts\/576\/revisions\/853"}],"wp:attachment":[{"href":"https:\/\/www.forum-soegel.de\/information\/wp-json\/wp\/v2\/media?parent=576"}],"wp:term":[{"taxonomy":"category","embeddable":true,"href":"https:\/\/www.forum-soegel.de\/information\/wp-json\/wp\/v2\/categories?post=576"},{"taxonomy":"post_tag","embeddable":true,"href":"https:\/\/www.forum-soegel.de\/information\/wp-json\/wp\/v2\/tags?post=576"}],"curies":[{"name":"wp","href":"https:\/\/api.w.org\/{rel}","templated":true}]}}