{"id":570,"date":"2010-01-01T16:40:24","date_gmt":"2010-01-01T14:40:24","guid":{"rendered":"https:\/\/www.forum-soegel.de\/information\/?p=570"},"modified":"2010-02-21T16:46:48","modified_gmt":"2010-02-21T14:46:48","slug":"weihnachtsbaumaktion","status":"publish","type":"post","link":"https:\/\/www.forum-soegel.de\/information\/2010\/01\/weihnachtsbaumaktion\/","title":{"rendered":"Weihnachtsbaumaktion"},"content":{"rendered":"<p>Liebe Mitb\u00fcrgerinnen und Mitb\u00fcrger !<\/p>\n<p>Im Rahmen der Jugendarbeit werden allj\u00e4hrlich zahlreiche Aktionen, Fahrten und Veranstaltungen f\u00fcr die vielen Jugendlichen in unserer Gemeinde angeboten. So ist auch f\u00fcr das kommende Jahr wieder ein umfangreiches und attraktives Programm erarbeitet worden. Zudem bestehen immer wieder Anschaffungsw\u00fcnsche f\u00fcr das Jugendcafe im Haus St. Jakobus, die durch den planm\u00e4\u00dfigen Etat f\u00fcr den Jugendbereich nicht finanziert werden k\u00f6nnen.<\/p>\n<p>Um die Kosten m\u00f6glichst gering zu halten, versuchen die Jugendlichen mit eigenen Initiativen zus\u00e4tzliche Mittel f\u00fcr die Jugendarbeit zu erwirtschaften.\u00a0\u00a0\u00a0<\/p>\n<p>Die Katholische Jugend S\u00f6gel (KJS) beabsichtigt daher, am<\/p>\n<p><strong><span style=\"text-decoration: underline;\">Samstag, den 9. Januar 2010,<\/span><\/strong><\/p>\n<p>eine Weihnachtsbaumaktion durchzuf\u00fchren.<\/p>\n<p>Die Helferinnen und Helfer der KJS werden in den Vormittagsstunden des 09.01.2010 in der Gemeinde S\u00f6gel unterwegs sein und zu Ihnen an die Haust\u00fcr kommen. Ihr Weihnachtsbaum, den Sie bitte gut sichtbar in Ihren Vorgarten bzw. an die Stra\u00dfe legen wollen, wird von den Jugendlichen mitgenommen und mit freundlicher Unterst\u00fctzung des Abfallwirtschaftsamtes des Landkreises Emsland entsorgt.<\/p>\n<p><strong>Wir bitten, diesen Dienst durch eine Spende f\u00fcr die Jugendarbeit zu unterst\u00fctzen.<\/strong><\/p>\n<p>Die KJS dankt Ihnen f\u00fcr Ihre freundliche Unterst\u00fctzung und w\u00fcnscht Ihnen ein gl\u00fcckliches und gesundes Neues Jahr !<\/p>\n<p>Mit freundlichen Gr\u00fc\u00dfen<\/p>\n<p>Ihre<\/p>\n<h3>Katholische Jugend S\u00f6gel<\/h3>\n<p>PS: Achten Sie bitte darauf, dass die Weihnachtsb\u00e4ume frei von Fremdstoffen wie\u00a0Christbaumschmuck oder Lametta sind!<\/p>\n","protected":false},"excerpt":{"rendered":"Liebe Mitb\u00fcrgerinnen und Mitb\u00fcrger ! Im Rahmen der Jugendarbeit werden allj\u00e4hrlich zahlreiche Aktionen, Fahrten und Veranstaltungen f\u00fcr die vielen Jugendlichen in unserer Gemeinde angeboten. So ist auch f\u00fcr das kommende Jahr wieder ein umfangreiches und attraktives Programm erarbeitet worden. Zudem bestehen immer wieder Anschaffungsw\u00fcnsche f\u00fcr das Jugendcafe im Haus St. Jakobus, die durch den planm\u00e4\u00dfigen [&hellip;]\n","protected":false},"author":2,"featured_media":0,"comment_status":"closed","ping_status":"closed","sticky":false,"template":"","format":"standard","meta":{"ngg_post_thumbnail":0,"footnotes":""},"categories":[3],"tags":[132,133,134],"class_list":["post-570","post","type-post","status-publish","format-standard","hentry","category-aktuelles-aus-der-region","tag-kath-jugend-sogel","tag-kjs","tag-weihnachtsbaumaktion"],"_links":{"self":[{"href":"https:\/\/www.forum-soegel.de\/information\/wp-json\/wp\/v2\/posts\/570","targetHints":{"allow":["GET"]}}],"collection":[{"href":"https:\/\/www.forum-soegel.de\/information\/wp-json\/wp\/v2\/posts"}],"about":[{"href":"https:\/\/www.forum-soegel.de\/information\/wp-json\/wp\/v2\/types\/post"}],"author":[{"embeddable":true,"href":"https:\/\/www.forum-soegel.de\/information\/wp-json\/wp\/v2\/users\/2"}],"replies":[{"embeddable":true,"href":"https:\/\/www.forum-soegel.de\/information\/wp-json\/wp\/v2\/comments?post=570"}],"version-history":[{"count":3,"href":"https:\/\/www.forum-soegel.de\/information\/wp-json\/wp\/v2\/posts\/570\/revisions"}],"predecessor-version":[{"id":572,"href":"https:\/\/www.forum-soegel.de\/information\/wp-json\/wp\/v2\/posts\/570\/revisions\/572"}],"wp:attachment":[{"href":"https:\/\/www.forum-soegel.de\/information\/wp-json\/wp\/v2\/media?parent=570"}],"wp:term":[{"taxonomy":"category","embeddable":true,"href":"https:\/\/www.forum-soegel.de\/information\/wp-json\/wp\/v2\/categories?post=570"},{"taxonomy":"post_tag","embeddable":true,"href":"https:\/\/www.forum-soegel.de\/information\/wp-json\/wp\/v2\/tags?post=570"}],"curies":[{"name":"wp","href":"https:\/\/api.w.org\/{rel}","templated":true}]}}