{"id":5699,"date":"2011-08-01T00:43:36","date_gmt":"2011-07-31T22:43:36","guid":{"rendered":"https:\/\/www.forum-soegel.de\/information\/?p=5699"},"modified":"2011-07-29T18:45:19","modified_gmt":"2011-07-29T16:45:19","slug":"hatten-sie%c2%b4s-gewusst%e2%80%a6-3","status":"publish","type":"post","link":"https:\/\/www.forum-soegel.de\/information\/2011\/08\/hatten-sie%c2%b4s-gewusst%e2%80%a6-3\/","title":{"rendered":"H\u00e4tten Sie\u00b4s gewusst\u2026?"},"content":{"rendered":"<p>In dieser Ausgabe m\u00f6chten wir Ihnen die Bedeutung des Stra\u00dfennamens <strong>\u201ePfarrer Wolters Ring\u201c<\/strong> erl\u00e4utern.<\/p>\n<p>Pfarrer Georg Wolters wurde am 28.10.1898 in Salzbergen, Kreis Lingen, geboren. Am 11.03.1922 wurde er im Hohen Dom zu Osnabr\u00fcck zum Priester geweiht. Nach der Weihe kam er als Kaplan in die Pfarrkirche St. Jakobus in S\u00f6gel. Am 17.04.1944 ernannte ihn der Bischof zum Pfarrverweser und am 01.09.1944 zum Pfarrer in S\u00f6gel.<\/p>\n<p>Die Gemeinde S\u00f6gel verdankt ihm, dass der gesamte Ort am Kriegsende nicht in Schutt und Asche unterging, nachdem die einr\u00fcckenden kanadischen Truppen bereits mit der Sprengung begonnen hatten. Auf seine Initiative wurde sofort nach dem Kriege ein gro\u00dfz\u00fcgiges Hilfswerk f\u00fcr die Kriegsgesch\u00e4digten der Gemeinde und des Kreises aufgebaut. Den Notleidenden war er in seelischer und materieller Not ein kluger Berater und unerm\u00fcdlicher Helfer. Zudem bot er den S\u00f6geler B\u00fcrgern Unterschlupf in der Kirche, deren H\u00e4user w\u00e4hrend des Krieges zerst\u00f6rt wurden.<\/p>\n<p>Erw\u00e4hnenswert bleibt au\u00dferdem, dass Pfarrer Wolters ma\u00dfgeblich an der Errichtung der Bildungsst\u00e4tte Clemenswerth beteiligt war, die ab 1946 entstand.<\/p>\n<p>Und, h\u00e4tten Sie\u00b4s gewusst?<\/p>\n<p>Text: MH Quelle: u.a. Meike L\u00fccken<\/p>\n","protected":false},"excerpt":{"rendered":"In dieser Ausgabe m\u00f6chten wir Ihnen die Bedeutung des Stra\u00dfennamens \u201ePfarrer Wolters Ring\u201c erl\u00e4utern. Pfarrer Georg Wolters wurde am 28.10.1898 in Salzbergen, Kreis Lingen, geboren. Am 11.03.1922 wurde er im Hohen Dom zu Osnabr\u00fcck zum Priester geweiht. Nach der Weihe kam er als Kaplan in die Pfarrkirche St. Jakobus in S\u00f6gel. Am 17.04.1944 ernannte ihn [&hellip;]\n","protected":false},"author":2,"featured_media":0,"comment_status":"closed","ping_status":"closed","sticky":false,"template":"","format":"standard","meta":{"ngg_post_thumbnail":0,"footnotes":""},"categories":[9],"tags":[718],"class_list":["post-5699","post","type-post","status-publish","format-standard","hentry","category-vergangenheit-und-gegenwart","tag-pfarrer-wolter-ring"],"_links":{"self":[{"href":"https:\/\/www.forum-soegel.de\/information\/wp-json\/wp\/v2\/posts\/5699","targetHints":{"allow":["GET"]}}],"collection":[{"href":"https:\/\/www.forum-soegel.de\/information\/wp-json\/wp\/v2\/posts"}],"about":[{"href":"https:\/\/www.forum-soegel.de\/information\/wp-json\/wp\/v2\/types\/post"}],"author":[{"embeddable":true,"href":"https:\/\/www.forum-soegel.de\/information\/wp-json\/wp\/v2\/users\/2"}],"replies":[{"embeddable":true,"href":"https:\/\/www.forum-soegel.de\/information\/wp-json\/wp\/v2\/comments?post=5699"}],"version-history":[{"count":1,"href":"https:\/\/www.forum-soegel.de\/information\/wp-json\/wp\/v2\/posts\/5699\/revisions"}],"predecessor-version":[{"id":5702,"href":"https:\/\/www.forum-soegel.de\/information\/wp-json\/wp\/v2\/posts\/5699\/revisions\/5702"}],"wp:attachment":[{"href":"https:\/\/www.forum-soegel.de\/information\/wp-json\/wp\/v2\/media?parent=5699"}],"wp:term":[{"taxonomy":"category","embeddable":true,"href":"https:\/\/www.forum-soegel.de\/information\/wp-json\/wp\/v2\/categories?post=5699"},{"taxonomy":"post_tag","embeddable":true,"href":"https:\/\/www.forum-soegel.de\/information\/wp-json\/wp\/v2\/tags?post=5699"}],"curies":[{"name":"wp","href":"https:\/\/api.w.org\/{rel}","templated":true}]}}