{"id":5694,"date":"2011-08-01T00:41:52","date_gmt":"2011-07-31T22:41:52","guid":{"rendered":"https:\/\/www.forum-soegel.de\/information\/?p=5694"},"modified":"2011-08-29T21:10:03","modified_gmt":"2011-08-29T19:10:03","slug":"kein-problem","status":"publish","type":"post","link":"https:\/\/www.forum-soegel.de\/information\/2011\/08\/kein-problem\/","title":{"rendered":"Kein Problem"},"content":{"rendered":"<p>Da veranstaltet die Gemeinde gemeinsam mit dem Kulturkreis ein Open Air\u00a0 Konzert auf dem Vorplatz des Ludmillenhof.<\/p>\n<p>Genau zu Beginn des Konzerts\u00a0 begann ein Dauerregen.<\/p>\n<p>Die 3200 Zuh\u00f6rer h\u00fcllten sich in Regenumh\u00e4nge und\u00a0 -blieben &#8211; blieben bis zur Pause und blieben bis zum, mit Zugaben verl\u00e4ngerten Finale.<\/p>\n<p>Es ist f\u00fcr einen \u201eZugereisten\u201c immer wieder faszinierend, die Gelassenheit des Emsl\u00e4nders zu erleben.<\/p>\n<p>Ob man in einem Gesch\u00e4ft, einem Handwerksbetrieb oder einer \u00f6ffentlichen Einrichtung einen Sonderwunsch \u00e4u\u00dfert, die Antwort lautet immer \u201e kein Problem\u201c<\/p>\n<p>Wenn sich zwei Autos begegnen, beide anhalten und die Fahrer sich kurz unterhalten, kein Fahrzeug das folgt, w\u00fcrde hupen.<\/p>\n<p>Gleiches gilt f\u00fcr das Ende einer Gro\u00dfveranstaltung wie eben dem ADORO Konzert oder dem Kleinen Fest im Gro\u00dfen Park.<\/p>\n<p>Vielleicht ist es ja diese Mentalit\u00e4t, die die Menschen in dieser Region so angenehm, so liebenswert \u00a0macht,. Vielleicht feiern deshalb hier die so viele\u00a0 Menschen hohe runde Geburtstage oder so viele Paare die silberne-goldene oder sogar diamantene Hochzeit.<\/p>\n<p>Und vielleicht, liebe Leserinnen und Leser, ist es f\u00fcr so viele Menschen, das Redaktionsteam eingeschlossen, deshalb so einfach, sich gemeinn\u00fctzig zu engagieren.<\/p>\n<p>Denn wo gehobelt wird, da fallen Sp\u00e4ne &#8211; und die sammelt der Emsl\u00e4nder leise weg.<\/p>\n<p>Auf jeden Fall haben sie die verk\u00fcrzte Form einer indianische Weisheit verinnerlicht:<\/p>\n<p>\u201eWer nicht zur L\u00f6sung beitr\u00e4gt, geh\u00f6rt zum Problem\u201c<\/p>\n<p>In diesem Sinne eine gute Zeit.<\/p>\n<p>Ihr Redaktionsteam<\/p>\n","protected":false},"excerpt":{"rendered":"Da veranstaltet die Gemeinde gemeinsam mit dem Kulturkreis ein Open Air\u00a0 Konzert auf dem Vorplatz des Ludmillenhof. Genau zu Beginn des Konzerts\u00a0 begann ein Dauerregen. Die 3200 Zuh\u00f6rer h\u00fcllten sich in Regenumh\u00e4nge und\u00a0 -blieben &#8211; blieben bis zur Pause und blieben bis zum, mit Zugaben verl\u00e4ngerten Finale. Es ist f\u00fcr einen \u201eZugereisten\u201c immer wieder faszinierend, [&hellip;]\n","protected":false},"author":2,"featured_media":0,"comment_status":"closed","ping_status":"closed","sticky":false,"template":"","format":"standard","meta":{"ngg_post_thumbnail":0,"footnotes":""},"categories":[393],"tags":[],"class_list":["post-5694","post","type-post","status-publish","format-standard","hentry","category-vorwort"],"_links":{"self":[{"href":"https:\/\/www.forum-soegel.de\/information\/wp-json\/wp\/v2\/posts\/5694","targetHints":{"allow":["GET"]}}],"collection":[{"href":"https:\/\/www.forum-soegel.de\/information\/wp-json\/wp\/v2\/posts"}],"about":[{"href":"https:\/\/www.forum-soegel.de\/information\/wp-json\/wp\/v2\/types\/post"}],"author":[{"embeddable":true,"href":"https:\/\/www.forum-soegel.de\/information\/wp-json\/wp\/v2\/users\/2"}],"replies":[{"embeddable":true,"href":"https:\/\/www.forum-soegel.de\/information\/wp-json\/wp\/v2\/comments?post=5694"}],"version-history":[{"count":3,"href":"https:\/\/www.forum-soegel.de\/information\/wp-json\/wp\/v2\/posts\/5694\/revisions"}],"predecessor-version":[{"id":6061,"href":"https:\/\/www.forum-soegel.de\/information\/wp-json\/wp\/v2\/posts\/5694\/revisions\/6061"}],"wp:attachment":[{"href":"https:\/\/www.forum-soegel.de\/information\/wp-json\/wp\/v2\/media?parent=5694"}],"wp:term":[{"taxonomy":"category","embeddable":true,"href":"https:\/\/www.forum-soegel.de\/information\/wp-json\/wp\/v2\/categories?post=5694"},{"taxonomy":"post_tag","embeddable":true,"href":"https:\/\/www.forum-soegel.de\/information\/wp-json\/wp\/v2\/tags?post=5694"}],"curies":[{"name":"wp","href":"https:\/\/api.w.org\/{rel}","templated":true}]}}