{"id":5674,"date":"2011-08-01T00:29:09","date_gmt":"2011-07-31T22:29:09","guid":{"rendered":"https:\/\/www.forum-soegel.de\/information\/?p=5674"},"modified":"2011-07-29T18:31:02","modified_gmt":"2011-07-29T16:31:02","slug":"grundschule-gros-bersen-huven-und-forum-sogel-e-v-schliesen-kooperationsvertrag","status":"publish","type":"post","link":"https:\/\/www.forum-soegel.de\/information\/2011\/08\/grundschule-gros-bersen-huven-und-forum-sogel-e-v-schliesen-kooperationsvertrag\/","title":{"rendered":"Grundschule Gro\u00df Ber\u00dfen\/ H\u00fcven und Forum S\u00f6gel e.V. schlie\u00dfen Kooperationsvertrag"},"content":{"rendered":"<p>Nun sind es nicht nur die S\u00f6geler Schulen und die Kindertagesst\u00e4tte, die mit dem Forum S\u00f6gel eine Kooperation eingegangen sind, sondern das Signal ist ausgesandt in die Samtgemeinde.<\/p>\n<p>F\u00fcr die erste Nicht-S\u00f6geler Schule hat die Rektorin der Grundschule Gro\u00df Ber\u00dfen\/ H\u00fcven, Mechthild Wigbers mit dem Forum S\u00f6gel e.V. einen Kooperationsvertrag abgeschlossen.<\/p>\n<p>Hierin bekr\u00e4ftigen beide Seiten, das Angebot der \u201eGeschichts- und Zukunftswerkstatt\u201c als Erg\u00e4nzung zum schulischen Unterricht so zu nutzen, dass die Kinder die Geschichte ihrer Heimat besser einordnen und verstehen\u00a0 lernen.<\/p>\n<p>Hierzu bietet die \u201eGeschichts- und Zukunftswerkstatt\u201c einen interaktiven Lernparcours, der die politischen, wirtschaftlichen und gesellschaftlichen Entwicklungen auf dem H\u00fcmmling plastisch und lebendig darstellt.<\/p>\n<p>Mitmachen und selbst erforschen, das sind dabei die Handlungsgrunds\u00e4tze. Ob zum Thema \u201eWald\u201c, zum Thema \u201eLandwirtschaft\u201c oder zum Thema \u201cBauen und Wohnen\u201c das und vieles mehr von den Kindern mitzunehmen, das ist die Absicht und Zielsetzung der Vereinbarung zwischen Schule und Forum.<\/p>\n<p>Text: Bernd Eggert \/ Foto: Uwe M\u00fcller<\/p>\n<p><a href=\"https:\/\/www.forum-soegel.de\/information\/wp-content\/uploads\/2011\/07\/KoopVertrag-GS-H\u00fcven.jpg\"><img loading=\"lazy\" decoding=\"async\" class=\"alignnone size-medium wp-image-5675\" title=\"KoopVertrag GS H\u00fcven\" src=\"https:\/\/www.forum-soegel.de\/information\/wp-content\/uploads\/2011\/07\/KoopVertrag-GS-H\u00fcven-300x217.jpg\" alt=\"\" width=\"300\" height=\"217\" srcset=\"https:\/\/www.forum-soegel.de\/information\/wp-content\/uploads\/2011\/07\/KoopVertrag-GS-H\u00fcven-300x217.jpg 300w, https:\/\/www.forum-soegel.de\/information\/wp-content\/uploads\/2011\/07\/KoopVertrag-GS-H\u00fcven.jpg 1024w\" sizes=\"auto, (max-width: 300px) 100vw, 300px\" \/><\/a><\/p>\n","protected":false},"excerpt":{"rendered":"Nun sind es nicht nur die S\u00f6geler Schulen und die Kindertagesst\u00e4tte, die mit dem Forum S\u00f6gel eine Kooperation eingegangen sind, sondern das Signal ist ausgesandt in die Samtgemeinde. F\u00fcr die erste Nicht-S\u00f6geler Schule hat die Rektorin der Grundschule Gro\u00df Ber\u00dfen\/ H\u00fcven, Mechthild Wigbers mit dem Forum S\u00f6gel e.V. einen Kooperationsvertrag abgeschlossen. Hierin bekr\u00e4ftigen beide Seiten, [&hellip;]\n","protected":false},"author":2,"featured_media":0,"comment_status":"closed","ping_status":"closed","sticky":false,"template":"","format":"standard","meta":{"ngg_post_thumbnail":0,"footnotes":""},"categories":[5],"tags":[156],"class_list":["post-5674","post","type-post","status-publish","format-standard","hentry","category-was-machen-die-vereine","tag-forum-sogel"],"_links":{"self":[{"href":"https:\/\/www.forum-soegel.de\/information\/wp-json\/wp\/v2\/posts\/5674","targetHints":{"allow":["GET"]}}],"collection":[{"href":"https:\/\/www.forum-soegel.de\/information\/wp-json\/wp\/v2\/posts"}],"about":[{"href":"https:\/\/www.forum-soegel.de\/information\/wp-json\/wp\/v2\/types\/post"}],"author":[{"embeddable":true,"href":"https:\/\/www.forum-soegel.de\/information\/wp-json\/wp\/v2\/users\/2"}],"replies":[{"embeddable":true,"href":"https:\/\/www.forum-soegel.de\/information\/wp-json\/wp\/v2\/comments?post=5674"}],"version-history":[{"count":2,"href":"https:\/\/www.forum-soegel.de\/information\/wp-json\/wp\/v2\/posts\/5674\/revisions"}],"predecessor-version":[{"id":5677,"href":"https:\/\/www.forum-soegel.de\/information\/wp-json\/wp\/v2\/posts\/5674\/revisions\/5677"}],"wp:attachment":[{"href":"https:\/\/www.forum-soegel.de\/information\/wp-json\/wp\/v2\/media?parent=5674"}],"wp:term":[{"taxonomy":"category","embeddable":true,"href":"https:\/\/www.forum-soegel.de\/information\/wp-json\/wp\/v2\/categories?post=5674"},{"taxonomy":"post_tag","embeddable":true,"href":"https:\/\/www.forum-soegel.de\/information\/wp-json\/wp\/v2\/tags?post=5674"}],"curies":[{"name":"wp","href":"https:\/\/api.w.org\/{rel}","templated":true}]}}