{"id":566,"date":"2010-01-01T16:32:25","date_gmt":"2010-01-01T14:32:25","guid":{"rendered":"https:\/\/www.forum-soegel.de\/information\/?p=566"},"modified":"2010-03-10T19:21:46","modified_gmt":"2010-03-10T17:21:46","slug":"kinder-der-6er-bande-basteln-eine-krippe","status":"publish","type":"post","link":"https:\/\/www.forum-soegel.de\/information\/2010\/01\/kinder-der-6er-bande-basteln-eine-krippe\/","title":{"rendered":"Kinder der 6er Bande basteln eine Krippe"},"content":{"rendered":"<p>15 Vorschulkinder der Arbeitsgemeinschaft \u201e6er Bande\u201c, haben an de letzten f\u00fcnf Donnerstagen in der \u201eArche Noah\u201c eine wundersch\u00f6ne Krippe gebaut. (siehe Foto)<\/p>\n<p>Unter der Anleitung von Monika Dierkes haben die jungen K\u00fcnstler auf dem Kindergartenvorplatz ges\u00e4gt, geschliffen und gebastelt.<\/p>\n<p>Das Holz f\u00fcr diese Krippenarbeit wurde von der Firma Quabben gestiftet.<\/p>\n<p>\u201eDie Kinder waren so begeistert bei der Arbeit,\u201c so Heike Rohe, Leiterin der Arche Noah, \u201e dass wir uns vorgenommen haben weitere Figuren f\u00fcr die Krippe zu basteln.<\/p>\n<div id=\"attachment_843\" style=\"width: 310px\" class=\"wp-caption alignnone\"><a href=\"https:\/\/www.forum-soegel.de\/information\/wp-content\/uploads\/2010\/01\/DSCF4821.jpg\"><img loading=\"lazy\" decoding=\"async\" aria-describedby=\"caption-attachment-843\" class=\"size-medium wp-image-843\" title=\"DSCF4821\" src=\"https:\/\/www.forum-soegel.de\/information\/wp-content\/uploads\/2010\/01\/DSCF4821-300x225.jpg\" alt=\"\" width=\"300\" height=\"225\" srcset=\"https:\/\/www.forum-soegel.de\/information\/wp-content\/uploads\/2010\/01\/DSCF4821-300x225.jpg 300w, https:\/\/www.forum-soegel.de\/information\/wp-content\/uploads\/2010\/01\/DSCF4821-1023x767.jpg 1023w, https:\/\/www.forum-soegel.de\/information\/wp-content\/uploads\/2010\/01\/DSCF4821.jpg 1648w\" sizes=\"auto, (max-width: 300px) 100vw, 300px\" \/><\/a><p id=\"caption-attachment-843\" class=\"wp-caption-text\">Foto von links: Sabina Jansen Quabben die 6er Bande und Monika Dierkes.<\/p><\/div>\n<p>Text\/Foto: KS<\/p>\n","protected":false},"excerpt":{"rendered":"15 Vorschulkinder der Arbeitsgemeinschaft \u201e6er Bande\u201c, haben an de letzten f\u00fcnf Donnerstagen in der \u201eArche Noah\u201c eine wundersch\u00f6ne Krippe gebaut. (siehe Foto) Unter der Anleitung von Monika Dierkes haben die jungen K\u00fcnstler auf dem Kindergartenvorplatz ges\u00e4gt, geschliffen und gebastelt. Das Holz f\u00fcr diese Krippenarbeit wurde von der Firma Quabben gestiftet. \u201eDie Kinder waren so begeistert [&hellip;]\n","protected":false},"author":2,"featured_media":0,"comment_status":"closed","ping_status":"closed","sticky":false,"template":"","format":"standard","meta":{"ngg_post_thumbnail":0,"footnotes":""},"categories":[3],"tags":[130,129],"class_list":["post-566","post","type-post","status-publish","format-standard","hentry","category-aktuelles-aus-der-region","tag-6er-bande","tag-krippe"],"_links":{"self":[{"href":"https:\/\/www.forum-soegel.de\/information\/wp-json\/wp\/v2\/posts\/566","targetHints":{"allow":["GET"]}}],"collection":[{"href":"https:\/\/www.forum-soegel.de\/information\/wp-json\/wp\/v2\/posts"}],"about":[{"href":"https:\/\/www.forum-soegel.de\/information\/wp-json\/wp\/v2\/types\/post"}],"author":[{"embeddable":true,"href":"https:\/\/www.forum-soegel.de\/information\/wp-json\/wp\/v2\/users\/2"}],"replies":[{"embeddable":true,"href":"https:\/\/www.forum-soegel.de\/information\/wp-json\/wp\/v2\/comments?post=566"}],"version-history":[{"count":4,"href":"https:\/\/www.forum-soegel.de\/information\/wp-json\/wp\/v2\/posts\/566\/revisions"}],"predecessor-version":[{"id":844,"href":"https:\/\/www.forum-soegel.de\/information\/wp-json\/wp\/v2\/posts\/566\/revisions\/844"}],"wp:attachment":[{"href":"https:\/\/www.forum-soegel.de\/information\/wp-json\/wp\/v2\/media?parent=566"}],"wp:term":[{"taxonomy":"category","embeddable":true,"href":"https:\/\/www.forum-soegel.de\/information\/wp-json\/wp\/v2\/categories?post=566"},{"taxonomy":"post_tag","embeddable":true,"href":"https:\/\/www.forum-soegel.de\/information\/wp-json\/wp\/v2\/tags?post=566"}],"curies":[{"name":"wp","href":"https:\/\/api.w.org\/{rel}","templated":true}]}}