{"id":556,"date":"2010-01-01T16:19:38","date_gmt":"2010-01-01T14:19:38","guid":{"rendered":"https:\/\/www.forum-soegel.de\/information\/?p=556"},"modified":"2010-03-10T19:05:41","modified_gmt":"2010-03-10T17:05:41","slug":"staatlich-anerkannter-erholungsort-2","status":"publish","type":"post","link":"https:\/\/www.forum-soegel.de\/information\/2010\/01\/staatlich-anerkannter-erholungsort-2\/","title":{"rendered":"Staatlich anerkannter Erholungsort"},"content":{"rendered":"<p>\u201eSie haben sich diese Neuanerkennung als erste Gemeinde im Landkreis Emsland wirklich verdient\u201c, lobte Carsten Seyfahrt von der Regierungsvertretung in Oldenburg, Bereich Tourismus, das touristische Engagement der Gemeinde S\u00f6gel. Die Gemeinde S\u00f6gel ist als \u201estaatlich anerkannter Erholungsort nach der neuen Verordnung \u00fcber die staatliche Anerkennung von Kur- und Erholungsorten\u201c des Nieders\u00e4chsischen Ministeriums f\u00fcr Wirtschaft, Arbeit und Verkehr ausgezeichnet worden.<\/p>\n<p>\u201eViele Faktoren haben dazu gef\u00fchrt, dass der Antrag auf Anerkennung als staatlich anerkannter Erholungsort erfolgreich war\u201c, so Seyfahrt. Beispiele dieser Faktoren seien die vorhandenen Sehensw\u00fcrdigkeiten wie das Schloss Clemenswerth und der Ludmillenhof aber auch die neue Tourist-Info, das ruhig gelegene Ferienhausgebiet, das neue Bildungszentrum und die in der Gemeinde S\u00f6gel ber\u00fccksichtigte Barrierefreiheit. Auch die umliegenden touristischen infrastrukturellen Einrichtungen wie das Batakhaus, die H\u00fcvener M\u00fchle oder die Einrichtung des H\u00fcmmlinger Pilgerweges waren Kriterien, die zur Neubewilligung f\u00fchrten. \u201eBeeindruckt hat uns auch das sehr hohe und qualifizierte Angebot an Unterk\u00fcnften und Gastronomen in der Gemeinde S\u00f6gel. Dabei z\u00e4hlen zu den Unterk\u00fcnften die Hotels gleicherma\u00dfen wie die privaten Unterk\u00fcnfte und die Ferienh\u00e4user.\u201c<\/p>\n<p>Die Auszeichnung verstehe sich als Marketinginstrument und als Qualit\u00e4tssiegel, erg\u00e4nzte Regierungsamtsr\u00e4tin Jeanette Berger und gratulierte ebenfalls zu der Anerkennung.<\/p>\n<p>\u201eDer Erfolg hat viele V\u00e4ter\u201c, richtete Wigbers einen Dank an den Landkreis Emsland. Der Landkreis habe vor vielen Jahren bereits das Schloss erworben und mit Umsicht und erheblichen finanziellen Aufwendungen restauriert. Das Schloss Clemenswerth sei nach wie vor ein Anziehungspunkt der Gemeinde S\u00f6gel und der ganzen Region. Einen weiteren Dank richtete er an den Ersten Samtgemeinderat Hans Nowak, der sich f\u00fcr den formellen Teil der Antragstellung verantwortlich zeigte. Gro\u00dfe Bedeutung messe die Gemeinde dem vom Landkreis Emsland beabsichtigten Bau eines Besucherzentrums auf Schloss Clemenswerth bei, so B\u00fcrgermeister Wellenbrock.<\/p>\n<p>Uwe Carli, Gesch\u00e4ftsf\u00fchrer der Emsland-Touristik, lobte das beispielhafte Engagement der Gemeinde S\u00f6gel im Bereich Tourismus. \u201eDer Tourismus ist in unserer Region ein erheblicher Wirtschaftsfaktor geworden. Die Verwaltung und mit ihr der ganze Tourismusapparat der Gemeinde S\u00f6gel verstehen es, an einem Strang zu ziehen um den Tourismus voranzubringen und dabei auch ehrenamtliche Kr\u00e4fte zu mobilisieren.\u201c<\/p>\n<div id=\"attachment_833\" style=\"width: 273px\" class=\"wp-caption alignnone\"><a href=\"https:\/\/www.forum-soegel.de\/information\/wp-content\/uploads\/2010\/01\/S\u00f6gelstaatlanerkErhol21.jpg\"><img loading=\"lazy\" decoding=\"async\" aria-describedby=\"caption-attachment-833\" class=\"size-medium wp-image-833\" title=\"S\u00f6gelstaatlanerkErhol21\" src=\"https:\/\/www.forum-soegel.de\/information\/wp-content\/uploads\/2010\/01\/S\u00f6gelstaatlanerkErhol21-263x300.jpg\" alt=\"\" width=\"263\" height=\"300\" srcset=\"https:\/\/www.forum-soegel.de\/information\/wp-content\/uploads\/2010\/01\/S\u00f6gelstaatlanerkErhol21-263x300.jpg 263w, https:\/\/www.forum-soegel.de\/information\/wp-content\/uploads\/2010\/01\/S\u00f6gelstaatlanerkErhol21-899x1024.jpg 899w, https:\/\/www.forum-soegel.de\/information\/wp-content\/uploads\/2010\/01\/S\u00f6gelstaatlanerkErhol21.jpg 900w\" sizes=\"auto, (max-width: 263px) 100vw, 263px\" \/><\/a><p id=\"caption-attachment-833\" class=\"wp-caption-text\">Als staatlich anerkannter Erholungsort darf sich die Gemeinde S\u00f6gel als erster Titeltr\u00e4ger im Emsland nach neuen Kurort-Richtlinien nennen. Jeanette Berger und Carsten Seyfahrt (dritter von links) \u00fcbergaben die Urkunde an Hans Nowak, Heiner Wellenbrock, G\u00fcnter Wigbers und Uwe Carli (von links)<\/p><\/div>\n<p>Text\/Foto: IC<\/p>\n","protected":false},"excerpt":{"rendered":"\u201eSie haben sich diese Neuanerkennung als erste Gemeinde im Landkreis Emsland wirklich verdient\u201c, lobte Carsten Seyfahrt von der Regierungsvertretung in Oldenburg, Bereich Tourismus, das touristische Engagement der Gemeinde S\u00f6gel. Die Gemeinde S\u00f6gel ist als \u201estaatlich anerkannter Erholungsort nach der neuen Verordnung \u00fcber die staatliche Anerkennung von Kur- und Erholungsorten\u201c des Nieders\u00e4chsischen Ministeriums f\u00fcr Wirtschaft, Arbeit [&hellip;]\n","protected":false},"author":2,"featured_media":0,"comment_status":"closed","ping_status":"closed","sticky":false,"template":"","format":"standard","meta":{"ngg_post_thumbnail":0,"footnotes":""},"categories":[3],"tags":[],"class_list":["post-556","post","type-post","status-publish","format-standard","hentry","category-aktuelles-aus-der-region"],"_links":{"self":[{"href":"https:\/\/www.forum-soegel.de\/information\/wp-json\/wp\/v2\/posts\/556","targetHints":{"allow":["GET"]}}],"collection":[{"href":"https:\/\/www.forum-soegel.de\/information\/wp-json\/wp\/v2\/posts"}],"about":[{"href":"https:\/\/www.forum-soegel.de\/information\/wp-json\/wp\/v2\/types\/post"}],"author":[{"embeddable":true,"href":"https:\/\/www.forum-soegel.de\/information\/wp-json\/wp\/v2\/users\/2"}],"replies":[{"embeddable":true,"href":"https:\/\/www.forum-soegel.de\/information\/wp-json\/wp\/v2\/comments?post=556"}],"version-history":[{"count":2,"href":"https:\/\/www.forum-soegel.de\/information\/wp-json\/wp\/v2\/posts\/556\/revisions"}],"predecessor-version":[{"id":834,"href":"https:\/\/www.forum-soegel.de\/information\/wp-json\/wp\/v2\/posts\/556\/revisions\/834"}],"wp:attachment":[{"href":"https:\/\/www.forum-soegel.de\/information\/wp-json\/wp\/v2\/media?parent=556"}],"wp:term":[{"taxonomy":"category","embeddable":true,"href":"https:\/\/www.forum-soegel.de\/information\/wp-json\/wp\/v2\/categories?post=556"},{"taxonomy":"post_tag","embeddable":true,"href":"https:\/\/www.forum-soegel.de\/information\/wp-json\/wp\/v2\/tags?post=556"}],"curies":[{"name":"wp","href":"https:\/\/api.w.org\/{rel}","templated":true}]}}