{"id":552,"date":"2010-01-01T16:16:09","date_gmt":"2010-01-01T14:16:09","guid":{"rendered":"https:\/\/www.forum-soegel.de\/information\/?p=552"},"modified":"2010-03-10T19:02:54","modified_gmt":"2010-03-10T17:02:54","slug":"mitarbeiterwechsel-in-der-fachambulanz-sucht-emsland-ausenstelle","status":"publish","type":"post","link":"https:\/\/www.forum-soegel.de\/information\/2010\/01\/mitarbeiterwechsel-in-der-fachambulanz-sucht-emsland-ausenstelle\/","title":{"rendered":"Mitarbeiterwechsel in der Fachambulanz Sucht Emsland Au\u00dfenstelle"},"content":{"rendered":"<p>Nach mehr als 17Jahren in der T\u00e4tigkeit als Sozialarbeiter und Sozialtherapeut verl\u00e4sst Gerard Berkhuis am 30. November das Diakonische Werk. W\u00e4hrend seiner T\u00e4tigkeit beim Diakonischen Werk im ev.-luth. Kirchenkreis Emsland-Bentheim hat er in den vergangenen 15 Jahren die w\u00f6chentliche Sprechstunde in der Au\u00dfenstelle S\u00f6gel der Fachambulanz Sucht Emsland Meppen versorgt.<\/p>\n<p>Zum Abschied bedankt er sich bei allen Menschen, die ihm ihr Vertrauen geschenkt haben und denen es gelungen ist, f\u00fcr sich den richtigen Weg zu finden. Ausdr\u00fccklich bedankt er sich auch bei der Gemeinde S\u00f6gel f\u00fcr die Nutzung der R\u00e4ume im Wei\u00dfen Haus als auch beim Kreuzbund S\u00f6gel f\u00fcr die langj\u00e4hrige partnerschaftliche Zusammenarbeit.<\/p>\n<p>Ab den 1. Dezember wird die Sprechstunde in der Au\u00dfenstelle S\u00f6gel von Nina Rusche (Diplom Sozialarbeiterin \/-p\u00e4dagogin) \u00fcbernommen. Sie bietet w\u00f6chentliche Sprechstunden jeweils donnerstags von 09.00 \u201417.00 Uhr an. Telefonisch ist sie dann zu erreichen unter der Telefonnummer: 05952\/3920. An den anderen Tagen ist Rusche in der Fachambulanz Sucht Emsland Papenburg unter der Telefonnummer: 04961\/98880 zu erreichen.<\/p>\n<p><a href=\"https:\/\/www.forum-soegel.de\/information\/wp-content\/uploads\/2010\/01\/FachambulanzSuchtEmslandAu\u00dfenstelleS\u00f6gel.jpg\"><img loading=\"lazy\" decoding=\"async\" class=\"alignnone size-medium wp-image-831\" title=\"FachambulanzSuchtEmslandAu\u00dfenstelleS\u00f6gel\" src=\"https:\/\/www.forum-soegel.de\/information\/wp-content\/uploads\/2010\/01\/FachambulanzSuchtEmslandAu\u00dfenstelleS\u00f6gel-225x300.jpg\" alt=\"\" width=\"225\" height=\"300\" srcset=\"https:\/\/www.forum-soegel.de\/information\/wp-content\/uploads\/2010\/01\/FachambulanzSuchtEmslandAu\u00dfenstelleS\u00f6gel-225x300.jpg 225w, https:\/\/www.forum-soegel.de\/information\/wp-content\/uploads\/2010\/01\/FachambulanzSuchtEmslandAu\u00dfenstelleS\u00f6gel-768x1024.jpg 768w, https:\/\/www.forum-soegel.de\/information\/wp-content\/uploads\/2010\/01\/FachambulanzSuchtEmslandAu\u00dfenstelleS\u00f6gel.jpg 1224w\" sizes=\"auto, (max-width: 225px) 100vw, 225px\" \/><\/a><\/p>\n<p>Text\/Foto: IC<\/p>\n","protected":false},"excerpt":{"rendered":"Nach mehr als 17Jahren in der T\u00e4tigkeit als Sozialarbeiter und Sozialtherapeut verl\u00e4sst Gerard Berkhuis am 30. November das Diakonische Werk. W\u00e4hrend seiner T\u00e4tigkeit beim Diakonischen Werk im ev.-luth. Kirchenkreis Emsland-Bentheim hat er in den vergangenen 15 Jahren die w\u00f6chentliche Sprechstunde in der Au\u00dfenstelle S\u00f6gel der Fachambulanz Sucht Emsland Meppen versorgt. Zum Abschied bedankt er sich [&hellip;]\n","protected":false},"author":2,"featured_media":0,"comment_status":"closed","ping_status":"closed","sticky":false,"template":"","format":"standard","meta":{"ngg_post_thumbnail":0,"footnotes":""},"categories":[3],"tags":[124,125],"class_list":["post-552","post","type-post","status-publish","format-standard","hentry","category-aktuelles-aus-der-region","tag-fachambulanz-sucht","tag-sucht"],"_links":{"self":[{"href":"https:\/\/www.forum-soegel.de\/information\/wp-json\/wp\/v2\/posts\/552","targetHints":{"allow":["GET"]}}],"collection":[{"href":"https:\/\/www.forum-soegel.de\/information\/wp-json\/wp\/v2\/posts"}],"about":[{"href":"https:\/\/www.forum-soegel.de\/information\/wp-json\/wp\/v2\/types\/post"}],"author":[{"embeddable":true,"href":"https:\/\/www.forum-soegel.de\/information\/wp-json\/wp\/v2\/users\/2"}],"replies":[{"embeddable":true,"href":"https:\/\/www.forum-soegel.de\/information\/wp-json\/wp\/v2\/comments?post=552"}],"version-history":[{"count":4,"href":"https:\/\/www.forum-soegel.de\/information\/wp-json\/wp\/v2\/posts\/552\/revisions"}],"predecessor-version":[{"id":554,"href":"https:\/\/www.forum-soegel.de\/information\/wp-json\/wp\/v2\/posts\/552\/revisions\/554"}],"wp:attachment":[{"href":"https:\/\/www.forum-soegel.de\/information\/wp-json\/wp\/v2\/media?parent=552"}],"wp:term":[{"taxonomy":"category","embeddable":true,"href":"https:\/\/www.forum-soegel.de\/information\/wp-json\/wp\/v2\/categories?post=552"},{"taxonomy":"post_tag","embeddable":true,"href":"https:\/\/www.forum-soegel.de\/information\/wp-json\/wp\/v2\/tags?post=552"}],"curies":[{"name":"wp","href":"https:\/\/api.w.org\/{rel}","templated":true}]}}