{"id":5471,"date":"2011-07-01T00:16:51","date_gmt":"2011-06-30T22:16:51","guid":{"rendered":"https:\/\/www.forum-soegel.de\/information\/?p=5471"},"modified":"2011-06-30T13:04:08","modified_gmt":"2011-06-30T11:04:08","slug":"30-jahriges-betriebsjubilaum-der-firma-%e2%80%9elackierung-beckmann%e2%80%9c","status":"publish","type":"post","link":"https:\/\/www.forum-soegel.de\/information\/2011\/07\/30-jahriges-betriebsjubilaum-der-firma-%e2%80%9elackierung-beckmann%e2%80%9c\/","title":{"rendered":"30 j\u00e4hriges Betriebsjubil\u00e4um Der Firma \u201eLackierung Beckmann\u201c"},"content":{"rendered":"<p>Im Mai 1981 gr\u00fcndete Dieter Beckmann seinen Lackierbetrieb in S\u00f6gel, den er rasch vergr\u00f6\u00dfern konnte und in dem er bis zu zw\u00f6lf Mitarbeiter besch\u00e4ftigte.<\/p>\n<p>Nach dem Tot von Dieter Beckmann im Jahr 2004 \u00fcbernahm sein Sohn Torsten den Betrieb.<\/p>\n<p>Eine Lehre als Automobilkaufmann und als Autolackierer boten beste Voraussetzungen das Unternehmen erfolgreich weiterzuf\u00fchren.<\/p>\n<p>Der erlangte Meisterbrief 2010 rundete das Kompetenzpotential ab.<\/p>\n<p>Heute besch\u00e4ftigt Torsten Beckmann f\u00fcnf Mitarbeiter davon einen Auszubildenden und mehrere Praktikanten.<\/p>\n<p>Am 16. Juli l\u00e4dt das Unternehmen \u201eLackierung Beckmann\u201c zu einem\u00a0 Tag der offenen T\u00fcr von 11.00h bis 18.00h &#8211; ein.<\/p>\n<p>F\u00fcr das leibliche Wohl sorgt ein Imbiss- und Getr\u00e4nkewagen der Fa M\u00f6hlmann, Klein Ber\u00dfen.<\/p>\n<p>Text:\u00a0 KS\/ Foto: Redaktionsteam<\/p>\n<p><a href=\"https:\/\/www.forum-soegel.de\/information\/wp-content\/uploads\/2011\/07\/Beckmann.jpg\"><img loading=\"lazy\" decoding=\"async\" class=\"alignleft size-medium wp-image-5514\" title=\"Beckmann\" src=\"https:\/\/www.forum-soegel.de\/information\/wp-content\/uploads\/2011\/07\/Beckmann-300x225.jpg\" alt=\"\" width=\"300\" height=\"225\" srcset=\"https:\/\/www.forum-soegel.de\/information\/wp-content\/uploads\/2011\/07\/Beckmann-300x225.jpg 300w, https:\/\/www.forum-soegel.de\/information\/wp-content\/uploads\/2011\/07\/Beckmann.jpg 1024w\" sizes=\"auto, (max-width: 300px) 100vw, 300px\" \/><\/a><\/p>\n","protected":false},"excerpt":{"rendered":"Im Mai 1981 gr\u00fcndete Dieter Beckmann seinen Lackierbetrieb in S\u00f6gel, den er rasch vergr\u00f6\u00dfern konnte und in dem er bis zu zw\u00f6lf Mitarbeiter besch\u00e4ftigte. Nach dem Tot von Dieter Beckmann im Jahr 2004 \u00fcbernahm sein Sohn Torsten den Betrieb. Eine Lehre als Automobilkaufmann und als Autolackierer boten beste Voraussetzungen das Unternehmen erfolgreich weiterzuf\u00fchren. Der erlangte [&hellip;]\n","protected":false},"author":2,"featured_media":0,"comment_status":"closed","ping_status":"closed","sticky":false,"template":"","format":"standard","meta":{"ngg_post_thumbnail":0,"footnotes":""},"categories":[4],"tags":[],"class_list":["post-5471","post","type-post","status-publish","format-standard","hentry","category-aus-der-geschaftswelt"],"_links":{"self":[{"href":"https:\/\/www.forum-soegel.de\/information\/wp-json\/wp\/v2\/posts\/5471","targetHints":{"allow":["GET"]}}],"collection":[{"href":"https:\/\/www.forum-soegel.de\/information\/wp-json\/wp\/v2\/posts"}],"about":[{"href":"https:\/\/www.forum-soegel.de\/information\/wp-json\/wp\/v2\/types\/post"}],"author":[{"embeddable":true,"href":"https:\/\/www.forum-soegel.de\/information\/wp-json\/wp\/v2\/users\/2"}],"replies":[{"embeddable":true,"href":"https:\/\/www.forum-soegel.de\/information\/wp-json\/wp\/v2\/comments?post=5471"}],"version-history":[{"count":3,"href":"https:\/\/www.forum-soegel.de\/information\/wp-json\/wp\/v2\/posts\/5471\/revisions"}],"predecessor-version":[{"id":5515,"href":"https:\/\/www.forum-soegel.de\/information\/wp-json\/wp\/v2\/posts\/5471\/revisions\/5515"}],"wp:attachment":[{"href":"https:\/\/www.forum-soegel.de\/information\/wp-json\/wp\/v2\/media?parent=5471"}],"wp:term":[{"taxonomy":"category","embeddable":true,"href":"https:\/\/www.forum-soegel.de\/information\/wp-json\/wp\/v2\/categories?post=5471"},{"taxonomy":"post_tag","embeddable":true,"href":"https:\/\/www.forum-soegel.de\/information\/wp-json\/wp\/v2\/tags?post=5471"}],"curies":[{"name":"wp","href":"https:\/\/api.w.org\/{rel}","templated":true}]}}