{"id":5462,"date":"2011-07-01T00:56:24","date_gmt":"2011-06-30T22:56:24","guid":{"rendered":"https:\/\/www.forum-soegel.de\/information\/?p=5462"},"modified":"2011-06-29T20:02:23","modified_gmt":"2011-06-29T18:02:23","slug":"3-eckensingen-des-mgv-harmonie","status":"publish","type":"post","link":"https:\/\/www.forum-soegel.de\/information\/2011\/07\/3-eckensingen-des-mgv-harmonie\/","title":{"rendered":"3. Eckensingen des MGV Harmonie"},"content":{"rendered":"<p><a href=\"https:\/\/www.forum-soegel.de\/information\/wp-content\/uploads\/2011\/07\/Eckensingen.jpg\"><img loading=\"lazy\" decoding=\"async\" class=\"alignleft size-full wp-image-5466\" title=\"Eckensingen\" src=\"https:\/\/www.forum-soegel.de\/information\/wp-content\/uploads\/2011\/07\/Eckensingen.jpg\" alt=\"\" width=\"177\" height=\"121\" \/><\/a>Es ist wieder soweit, die neuen Ecken sind erkundet und ein Termin wurde gefunden. Am Freitag, den 08.07.2011 veranstaltet der MGV \u201eHarmonie S\u00f6gel\u201c sein drittes Eckensingen in S\u00f6gel. Der Chor zieht, ausgestattet mit Bollerwagen und ein paar erfrischenden Getr\u00e4nken, vom Catharina-Busch-Weg aus durch den T\u00fcnneken und wird an verschiedenen Stationen halt machen (siehe Stationsplan) und einige Lieder aus dem reichhaltigen Repertoire singen. Danach werden sich die S\u00e4nger Zeit f\u00fcr eine Erfrischung und ein Schw\u00e4tzchen nehmen, um neue Kontakte zu kn\u00fcpfen und alte zu pflegen. Alle Anwohner sind sehr herzlich eingeladen, sich von der Harmonie mit sch\u00f6nen Liedbeitr\u00e4gen erfreuen zu lassen.<\/p>\n<p>Wir hoffen auf sommerliches Wetter eine gute Beteiligung und m\u00f6glichst viele Zuh\u00f6rer an den einzelnen Stationen.<\/p>\n<p>1. Station: ca. 18:00 Uhr<\/p>\n<ul>\n<li>Ecke Catharina-Busch-Weg \/ Schneiderm\u00fchler Weg<\/li>\n<\/ul>\n<p>2. Station: ca. 18:45 Uhr<\/p>\n<ul>\n<li>Ecke Fasanenweg \/ T\u00fcnneken<\/li>\n<\/ul>\n<p>3. Station: ca. 19:30 Uhr Ecke<\/p>\n<ul>\n<li>Ecke Richardstra\u00dfe \/ Spahner Stra\u00dfe<\/li>\n<\/ul>\n<p>4. Station: ca. 20:15 Uhr<\/p>\n<ul>\n<li>Ecke Holzweg \/ Zum Holte<\/li>\n<\/ul>\n<p>5. Station: ca. 21.00 Uhr<\/p>\n<ul>\n<li>Ecke Loruper Weg \/ Teestube<\/li>\n<\/ul>\n","protected":false},"excerpt":{"rendered":"Es ist wieder soweit, die neuen Ecken sind erkundet und ein Termin wurde gefunden. Am Freitag, den 08.07.2011 veranstaltet der MGV \u201eHarmonie S\u00f6gel\u201c sein drittes Eckensingen in S\u00f6gel. Der Chor zieht, ausgestattet mit Bollerwagen und ein paar erfrischenden Getr\u00e4nken, vom Catharina-Busch-Weg aus durch den T\u00fcnneken und wird an verschiedenen Stationen halt machen (siehe Stationsplan) und [&hellip;]\n","protected":false},"author":2,"featured_media":0,"comment_status":"closed","ping_status":"closed","sticky":false,"template":"","format":"standard","meta":{"ngg_post_thumbnail":0,"footnotes":""},"categories":[5],"tags":[324,408,188],"class_list":["post-5462","post","type-post","status-publish","format-standard","hentry","category-was-machen-die-vereine","tag-eckensingen","tag-mgv","tag-mgv-harmonie"],"_links":{"self":[{"href":"https:\/\/www.forum-soegel.de\/information\/wp-json\/wp\/v2\/posts\/5462","targetHints":{"allow":["GET"]}}],"collection":[{"href":"https:\/\/www.forum-soegel.de\/information\/wp-json\/wp\/v2\/posts"}],"about":[{"href":"https:\/\/www.forum-soegel.de\/information\/wp-json\/wp\/v2\/types\/post"}],"author":[{"embeddable":true,"href":"https:\/\/www.forum-soegel.de\/information\/wp-json\/wp\/v2\/users\/2"}],"replies":[{"embeddable":true,"href":"https:\/\/www.forum-soegel.de\/information\/wp-json\/wp\/v2\/comments?post=5462"}],"version-history":[{"count":3,"href":"https:\/\/www.forum-soegel.de\/information\/wp-json\/wp\/v2\/posts\/5462\/revisions"}],"predecessor-version":[{"id":5465,"href":"https:\/\/www.forum-soegel.de\/information\/wp-json\/wp\/v2\/posts\/5462\/revisions\/5465"}],"wp:attachment":[{"href":"https:\/\/www.forum-soegel.de\/information\/wp-json\/wp\/v2\/media?parent=5462"}],"wp:term":[{"taxonomy":"category","embeddable":true,"href":"https:\/\/www.forum-soegel.de\/information\/wp-json\/wp\/v2\/categories?post=5462"},{"taxonomy":"post_tag","embeddable":true,"href":"https:\/\/www.forum-soegel.de\/information\/wp-json\/wp\/v2\/tags?post=5462"}],"curies":[{"name":"wp","href":"https:\/\/api.w.org\/{rel}","templated":true}]}}