{"id":5454,"date":"2011-07-01T00:48:01","date_gmt":"2011-06-30T22:48:01","guid":{"rendered":"https:\/\/www.forum-soegel.de\/information\/?p=5454"},"modified":"2011-06-29T19:50:45","modified_gmt":"2011-06-29T17:50:45","slug":"die-stillen-helfer-von-clemenswerth","status":"publish","type":"post","link":"https:\/\/www.forum-soegel.de\/information\/2011\/07\/die-stillen-helfer-von-clemenswerth\/","title":{"rendered":"Die Stillen Helfer von Clemenswerth"},"content":{"rendered":"<p>Schloss Clemenswerth l\u00e4dt mit seiner 42 ha gro\u00dfen Waldpark- und Teichanlage Einheimische und Touristen zum Spaziergang und Verweilen ein. Auch der Klostergarten mit seiner m\u00e4chtigen Taxushecke ist noch heute \u2013 250 Jahre nach Clemens August Tod \u2013 ein Refugium der Stille. Zudem ist das Schloss als Emslandmuseum Schloss Clemenswerth mit seinen Ausstellungen zu den Themen Barock, Jagd, Deutscher Orden, dem ber\u00fchmten Clemenswerther Jagdservice sowie einer Vielzahl von Veranstaltungen Anziehungspunkt f\u00fcr Touristen aus Nah und Fern. Insbesondere Paare haben Schloss Clemenswerth als besonderen Ort f\u00fcr ihre Hochzeit entdeckt. Allein im Jahr 2010 haben sich \u00fcber 40 Brautpaare im f\u00fcrstlichen Rundsaal das Ja-Wort gegeben. Dass die Instandhaltung dieser weltweit einmaligen Anlage sowie die Konzeption und Ausrichtung der Veranstaltungen etlicher flei\u00dfiger H\u00e4nde bedarf, ist kein Geheimnis. Das Emslandmuseum Schloss Clemenswerth z\u00e4hlt \u00fcber 40 Mitarbeiter, die in der Verwaltung, im Besucherservice und in der Pflege der Ausstellungsr\u00e4ume sowie der Au\u00dfenanlage arbeiten.<\/p>\n<p>Nur eine kleine Anzahl der \u201eStillen Helfer von Clemenswerth\u201c zeigt das Bild (von links) mit Museumsdirektor Oliver Fok: Hans Gerd Colmer (Museumstechniker), Bernhard H\u00fclsmann (G\u00e4rtnergehilfe), Hedwig Jansen (Reinigungskraft), Waltraud Coldemeyer (Reinigungskraft), Viktor Hunter (G\u00e4rtnergehilfe), Helga von Ohr (u.a. Hochzeitsmanagement), Michael Gr\u00fcnkorn (G\u00e4rtnergehilfe), Hans Sandker (Hausmeister und G\u00e4rtner), Ramona Krons (Direktionsassistentin) und Christian Sprenkel (G\u00e4rtnergehilfe).\u00a0\u00a0\u00a0<\/p>\n<p>Text: Ramona Krons Foto: KS<\/p>\n<p><a href=\"https:\/\/www.forum-soegel.de\/information\/wp-content\/uploads\/2011\/06\/die-stillen-helfer.jpg\"><img loading=\"lazy\" decoding=\"async\" class=\"alignnone size-medium wp-image-5455\" title=\"die stillen helfer\" src=\"https:\/\/www.forum-soegel.de\/information\/wp-content\/uploads\/2011\/06\/die-stillen-helfer-300x225.jpg\" alt=\"\" width=\"300\" height=\"225\" srcset=\"https:\/\/www.forum-soegel.de\/information\/wp-content\/uploads\/2011\/06\/die-stillen-helfer-300x225.jpg 300w, https:\/\/www.forum-soegel.de\/information\/wp-content\/uploads\/2011\/06\/die-stillen-helfer.jpg 1024w\" sizes=\"auto, (max-width: 300px) 100vw, 300px\" \/><\/a><\/p>\n","protected":false},"excerpt":{"rendered":"Schloss Clemenswerth l\u00e4dt mit seiner 42 ha gro\u00dfen Waldpark- und Teichanlage Einheimische und Touristen zum Spaziergang und Verweilen ein. Auch der Klostergarten mit seiner m\u00e4chtigen Taxushecke ist noch heute \u2013 250 Jahre nach Clemens August Tod \u2013 ein Refugium der Stille. Zudem ist das Schloss als Emslandmuseum Schloss Clemenswerth mit seinen Ausstellungen zu den Themen [&hellip;]\n","protected":false},"author":2,"featured_media":0,"comment_status":"closed","ping_status":"closed","sticky":false,"template":"","format":"standard","meta":{"ngg_post_thumbnail":0,"footnotes":""},"categories":[27],"tags":[303],"class_list":["post-5454","post","type-post","status-publish","format-standard","hentry","category-das-muss-mal-gesagt-werden","tag-schloss-clemenswerth"],"_links":{"self":[{"href":"https:\/\/www.forum-soegel.de\/information\/wp-json\/wp\/v2\/posts\/5454","targetHints":{"allow":["GET"]}}],"collection":[{"href":"https:\/\/www.forum-soegel.de\/information\/wp-json\/wp\/v2\/posts"}],"about":[{"href":"https:\/\/www.forum-soegel.de\/information\/wp-json\/wp\/v2\/types\/post"}],"author":[{"embeddable":true,"href":"https:\/\/www.forum-soegel.de\/information\/wp-json\/wp\/v2\/users\/2"}],"replies":[{"embeddable":true,"href":"https:\/\/www.forum-soegel.de\/information\/wp-json\/wp\/v2\/comments?post=5454"}],"version-history":[{"count":1,"href":"https:\/\/www.forum-soegel.de\/information\/wp-json\/wp\/v2\/posts\/5454\/revisions"}],"predecessor-version":[{"id":5456,"href":"https:\/\/www.forum-soegel.de\/information\/wp-json\/wp\/v2\/posts\/5454\/revisions\/5456"}],"wp:attachment":[{"href":"https:\/\/www.forum-soegel.de\/information\/wp-json\/wp\/v2\/media?parent=5454"}],"wp:term":[{"taxonomy":"category","embeddable":true,"href":"https:\/\/www.forum-soegel.de\/information\/wp-json\/wp\/v2\/categories?post=5454"},{"taxonomy":"post_tag","embeddable":true,"href":"https:\/\/www.forum-soegel.de\/information\/wp-json\/wp\/v2\/tags?post=5454"}],"curies":[{"name":"wp","href":"https:\/\/api.w.org\/{rel}","templated":true}]}}