{"id":542,"date":"2010-01-01T15:19:38","date_gmt":"2010-01-01T13:19:38","guid":{"rendered":"https:\/\/www.forum-soegel.de\/information\/?p=542"},"modified":"2010-03-09T21:33:35","modified_gmt":"2010-03-09T19:33:35","slug":"unternehmertreff-im-rathaus-agentur-fur-arbeit-referierte-uber-fordermoglichkeiten","status":"publish","type":"post","link":"https:\/\/www.forum-soegel.de\/information\/2010\/01\/unternehmertreff-im-rathaus-agentur-fur-arbeit-referierte-uber-fordermoglichkeiten\/","title":{"rendered":"Unternehmertreff im Rathaus &#8211; Agentur f\u00fcr Arbeit referierte \u00fcber F\u00f6rderm\u00f6glichkeiten"},"content":{"rendered":"<p>&#8222;Nehmen Sie unsere Dienste in Anspruch, wir sind f\u00fcr Sie da&#8220;, forderte Helmut Stavermann, Leiter der Agentur f\u00fcr Arbeit der Au\u00dfenstelle in S\u00f6gel, die Teilnehmer des Unternehmertreffs in seinem Referat im Rathaus der Samtgemeinde S\u00f6gel auf. Zahlreiche Gewerbetreibende waren der Einladung der Gemeinde S\u00f6gel gefolgt, um am Unternehmertreff im Rathaus teilzunehmen. Besonders die Dienstleistungen des Arbeitgeberservice der Agentur f\u00fcr Arbeit standen im Mittelpunkt der Ausf\u00fchrungen. Neben der Arbeits- und Ausbildungsstellenvermittlung durch einen Ansprechpartner erl\u00e4uterten Stavermann und die Vermittlerin Anita Zerth die Nutzung der gr\u00f6\u00dften Internet-Jobb\u00f6rse und die Beratungsdienstleistungen bei der Stellenbesetzung. \u201eVon der Einladung zum Vorstellungsgespr\u00e4ch bis zur Zusage bzw. Absage bieten wir unsere Dienstleistungen an, um einen schnellen Ausgleich zwischen offenen Stellen und den Arbeitsuchenden zu erm\u00f6glichen\u201c, erl\u00e4uterte Stavermann. Dass auch kleinere und mittelst\u00e4ndische Betriebe bei Auftragsmangel die Kurzarbeitergeldregelung nutzen k\u00f6nnen, zeigte Stavermann den Unternehmern auf. Auch die Qualifizierung von ungelerntem Personal geh\u00f6rt zum Dienstleistungsangebot der Arbeitsagentur, gleichzeitig ging Stavermann auf das Informations- und Beratungsangebot ein. Hinweise zu den \u00fcbrigen Eingliederungsleistungen f\u00fcr Langzeitarbeitslose oder Arbeitsuchende mit Vermittlungshemmnissen rundeten den Vortrag ab.<\/p>\n<div id=\"attachment_815\" style=\"width: 310px\" class=\"wp-caption alignnone\"><a href=\"https:\/\/www.forum-soegel.de\/information\/wp-content\/uploads\/2010\/01\/Unternehmergespr\u00e4chHerbst2009.jpg\"><img loading=\"lazy\" decoding=\"async\" aria-describedby=\"caption-attachment-815\" class=\"size-medium wp-image-815\" title=\"Unternehmergespr\u00e4chHerbst2009\" src=\"https:\/\/www.forum-soegel.de\/information\/wp-content\/uploads\/2010\/01\/Unternehmergespr\u00e4chHerbst2009-300x225.jpg\" alt=\"\" width=\"300\" height=\"225\" srcset=\"https:\/\/www.forum-soegel.de\/information\/wp-content\/uploads\/2010\/01\/Unternehmergespr\u00e4chHerbst2009-300x225.jpg 300w, https:\/\/www.forum-soegel.de\/information\/wp-content\/uploads\/2010\/01\/Unternehmergespr\u00e4chHerbst2009-1024x768.jpg 1024w, https:\/\/www.forum-soegel.de\/information\/wp-content\/uploads\/2010\/01\/Unternehmergespr\u00e4chHerbst2009.jpg 1632w\" sizes=\"auto, (max-width: 300px) 100vw, 300px\" \/><\/a><p id=\"caption-attachment-815\" class=\"wp-caption-text\">v.l.: Anita Zehrt, Helmut Stavermann, G\u00fcnter Wigbers, Heiner Wellenbrock, J\u00fcrgen Rolfes<\/p><\/div>\n","protected":false},"excerpt":{"rendered":"&#8222;Nehmen Sie unsere Dienste in Anspruch, wir sind f\u00fcr Sie da&#8220;, forderte Helmut Stavermann, Leiter der Agentur f\u00fcr Arbeit der Au\u00dfenstelle in S\u00f6gel, die Teilnehmer des Unternehmertreffs in seinem Referat im Rathaus der Samtgemeinde S\u00f6gel auf. Zahlreiche Gewerbetreibende waren der Einladung der Gemeinde S\u00f6gel gefolgt, um am Unternehmertreff im Rathaus teilzunehmen. Besonders die Dienstleistungen des [&hellip;]\n","protected":false},"author":2,"featured_media":0,"comment_status":"closed","ping_status":"closed","sticky":false,"template":"","format":"standard","meta":{"ngg_post_thumbnail":0,"footnotes":""},"categories":[3],"tags":[118,117],"class_list":["post-542","post","type-post","status-publish","format-standard","hentry","category-aktuelles-aus-der-region","tag-agentur-fur-arbeit","tag-unternehmertreff"],"_links":{"self":[{"href":"https:\/\/www.forum-soegel.de\/information\/wp-json\/wp\/v2\/posts\/542","targetHints":{"allow":["GET"]}}],"collection":[{"href":"https:\/\/www.forum-soegel.de\/information\/wp-json\/wp\/v2\/posts"}],"about":[{"href":"https:\/\/www.forum-soegel.de\/information\/wp-json\/wp\/v2\/types\/post"}],"author":[{"embeddable":true,"href":"https:\/\/www.forum-soegel.de\/information\/wp-json\/wp\/v2\/users\/2"}],"replies":[{"embeddable":true,"href":"https:\/\/www.forum-soegel.de\/information\/wp-json\/wp\/v2\/comments?post=542"}],"version-history":[{"count":2,"href":"https:\/\/www.forum-soegel.de\/information\/wp-json\/wp\/v2\/posts\/542\/revisions"}],"predecessor-version":[{"id":816,"href":"https:\/\/www.forum-soegel.de\/information\/wp-json\/wp\/v2\/posts\/542\/revisions\/816"}],"wp:attachment":[{"href":"https:\/\/www.forum-soegel.de\/information\/wp-json\/wp\/v2\/media?parent=542"}],"wp:term":[{"taxonomy":"category","embeddable":true,"href":"https:\/\/www.forum-soegel.de\/information\/wp-json\/wp\/v2\/categories?post=542"},{"taxonomy":"post_tag","embeddable":true,"href":"https:\/\/www.forum-soegel.de\/information\/wp-json\/wp\/v2\/tags?post=542"}],"curies":[{"name":"wp","href":"https:\/\/api.w.org\/{rel}","templated":true}]}}