{"id":536,"date":"2010-01-01T15:08:01","date_gmt":"2010-01-01T13:08:01","guid":{"rendered":"https:\/\/www.forum-soegel.de\/information\/?p=536"},"modified":"2010-03-30T09:53:12","modified_gmt":"2010-03-30T07:53:12","slug":"feuerwehrfest-bei-der-feuerwehr-spahnharrenstatte","status":"publish","type":"post","link":"https:\/\/www.forum-soegel.de\/information\/2010\/01\/feuerwehrfest-bei-der-feuerwehr-spahnharrenstatte\/","title":{"rendered":"Feuerwehrfest bei der Feuerwehr Spahnharrenst\u00e4tte"},"content":{"rendered":"<p>Am 14. Nov. feierte die Feuerwehr Spahnharrenst\u00e4tte ihr j\u00e4hrliches Feuerwehrfest. Als G\u00e4ste konnte Ortsbrandmeister Wilhelm Jansen den Gemeindebrandmeister Weller, den Abschnittsleiter Nord Anton L\u00fcken sowie von der Samtgemeinde S\u00f6gel Ludwig Schmitz begr\u00fc\u00dfen. In 2009 hatte die Feuerwehr Spahnharrenst\u00e4tte insgesamt 16 Eins\u00e4tze. Davon waren 8 Brandeins\u00e4tze. Herr Jansen bedankte sich f\u00fcr geleistete Arbeit und die gute Zusammenarbeit. Au\u00dferdem bedankte er sich bei den Feuerwehrmitgliedern f\u00fcr die gute Beteiligung bei den Eins\u00e4tzen. Gleich 3 Feuerwehrkameraden wurden f\u00fcr 50 Jahre Mitgliedschaft geehrt. Gerhard P\u00fclsken, Hermann P\u00fclsken und Hermann Steenken traten der Feuerwehr Spahnharrenst\u00e4tte 1959 bei. Arno Will hingegen trat 1984 bei und wurde f\u00fcr 25 Jahre geehrt. Des Weiteren wurden Hermann Meyer, Johannes Reil und Achim Will zu Hauptfeuerwehrm\u00e4nnern und Dirk Meyer, Michael Klata und Kai Borchardt zu Oberfeuerwehrm\u00e4nnern bef\u00f6rdert.<\/p>\n<div id=\"attachment_810\" style=\"width: 310px\" class=\"wp-caption alignnone\"><a href=\"https:\/\/www.forum-soegel.de\/information\/wp-content\/uploads\/2010\/01\/feuerwehr_nov.jpg\"><img loading=\"lazy\" decoding=\"async\" aria-describedby=\"caption-attachment-810\" class=\"size-medium wp-image-810\" title=\"feuerwehr_nov\" src=\"https:\/\/www.forum-soegel.de\/information\/wp-content\/uploads\/2010\/01\/feuerwehr_nov-300x225.jpg\" alt=\"\" width=\"300\" height=\"225\" srcset=\"https:\/\/www.forum-soegel.de\/information\/wp-content\/uploads\/2010\/01\/feuerwehr_nov-300x225.jpg 300w, https:\/\/www.forum-soegel.de\/information\/wp-content\/uploads\/2010\/01\/feuerwehr_nov.jpg 400w\" sizes=\"auto, (max-width: 300px) 100vw, 300px\" \/><\/a><p id=\"caption-attachment-810\" class=\"wp-caption-text\">Hermann Meyer, Achim Will + Frau, Johannes Reil, Arno Will + Frau, Hermann Steenken + Frau (von links) Kai Borchardt, Dirk Meyer, Michael Klata, Hermann P\u00fclsken + Frau (hinten, von links)<\/p><\/div>\n<p>Text\/Foto: Feuerwehr Spahnharrenst\u00e4tte\/Vereine-Spahnharrenst\u00e4tte<\/p>\n","protected":false},"excerpt":{"rendered":"Am 14. Nov. feierte die Feuerwehr Spahnharrenst\u00e4tte ihr j\u00e4hrliches Feuerwehrfest. Als G\u00e4ste konnte Ortsbrandmeister Wilhelm Jansen den Gemeindebrandmeister Weller, den Abschnittsleiter Nord Anton L\u00fcken sowie von der Samtgemeinde S\u00f6gel Ludwig Schmitz begr\u00fc\u00dfen. In 2009 hatte die Feuerwehr Spahnharrenst\u00e4tte insgesamt 16 Eins\u00e4tze. Davon waren 8 Brandeins\u00e4tze. Herr Jansen bedankte sich f\u00fcr geleistete Arbeit und die gute [&hellip;]\n","protected":false},"author":2,"featured_media":0,"comment_status":"closed","ping_status":"closed","sticky":false,"template":"","format":"standard","meta":{"ngg_post_thumbnail":0,"footnotes":""},"categories":[3],"tags":[113,114],"class_list":["post-536","post","type-post","status-publish","format-standard","hentry","category-aktuelles-aus-der-region","tag-feuerwehr","tag-feuerwehrfest"],"_links":{"self":[{"href":"https:\/\/www.forum-soegel.de\/information\/wp-json\/wp\/v2\/posts\/536","targetHints":{"allow":["GET"]}}],"collection":[{"href":"https:\/\/www.forum-soegel.de\/information\/wp-json\/wp\/v2\/posts"}],"about":[{"href":"https:\/\/www.forum-soegel.de\/information\/wp-json\/wp\/v2\/types\/post"}],"author":[{"embeddable":true,"href":"https:\/\/www.forum-soegel.de\/information\/wp-json\/wp\/v2\/users\/2"}],"replies":[{"embeddable":true,"href":"https:\/\/www.forum-soegel.de\/information\/wp-json\/wp\/v2\/comments?post=536"}],"version-history":[{"count":5,"href":"https:\/\/www.forum-soegel.de\/information\/wp-json\/wp\/v2\/posts\/536\/revisions"}],"predecessor-version":[{"id":1258,"href":"https:\/\/www.forum-soegel.de\/information\/wp-json\/wp\/v2\/posts\/536\/revisions\/1258"}],"wp:attachment":[{"href":"https:\/\/www.forum-soegel.de\/information\/wp-json\/wp\/v2\/media?parent=536"}],"wp:term":[{"taxonomy":"category","embeddable":true,"href":"https:\/\/www.forum-soegel.de\/information\/wp-json\/wp\/v2\/categories?post=536"},{"taxonomy":"post_tag","embeddable":true,"href":"https:\/\/www.forum-soegel.de\/information\/wp-json\/wp\/v2\/tags?post=536"}],"curies":[{"name":"wp","href":"https:\/\/api.w.org\/{rel}","templated":true}]}}