{"id":5350,"date":"2011-07-01T00:03:33","date_gmt":"2011-06-30T22:03:33","guid":{"rendered":"https:\/\/www.forum-soegel.de\/information\/?p=5350"},"modified":"2011-06-29T17:06:14","modified_gmt":"2011-06-29T15:06:14","slug":"wein-genuss","status":"publish","type":"post","link":"https:\/\/www.forum-soegel.de\/information\/2011\/07\/wein-genuss\/","title":{"rendered":"Wein &#038; Genuss"},"content":{"rendered":"<p>Mitten im Ortszentrum von S\u00f6gel an der Clemens-August-Stra\u00dfe hat das Ehepaar Monika Neumeier-Diekmann und Bernd Neumeier am 1. Juni einen neuen Weinladen er\u00f6ffnet. Zur Angebotspalette z\u00e4hlen ein gutes Weinsortiment, erlesene Speise\u00f6le und Gew\u00fcrze. \u201eDas Verkaufsteam hat sich auf speziellen Schulungen auf seine neue Aufgabe vorbereitet und kann mit fundiertem Wissen dem Kunden beim Kauf eines Weines beraten\u201c, so Neumeier.<\/p>\n<p>Vertreter des HGV Vorstandes\u00a0 S\u00f6gel sowie die Vertreter der Gemeinde S\u00f6gel gratulierten zur Er\u00f6ffnung und w\u00fcnschten dem Unternehmerehepaar einen guten gesch\u00e4ftlichen Erfolg.<\/p>\n<p>Die \u00f6ffentlichen Vertreter sowie Freunde und Nachbarn stellten einstimmig fest, Wein und Genuss trifft den Kern des Sortiments mit dem Gaumenfreuden geweckt werden.<\/p>\n<p>\u00a0<a href=\"https:\/\/www.forum-soegel.de\/information\/wp-content\/uploads\/2011\/06\/Wein-und-Genuss.jpg\"><img loading=\"lazy\" decoding=\"async\" class=\"alignnone size-thumbnail wp-image-5351\" title=\"Wein und Genuss\" src=\"https:\/\/www.forum-soegel.de\/information\/wp-content\/uploads\/2011\/06\/Wein-und-Genuss-150x150.jpg\" alt=\"\" width=\"150\" height=\"150\" \/><\/a>\u00a0 <a href=\"https:\/\/www.forum-soegel.de\/information\/wp-content\/uploads\/2011\/06\/Wein-und-Genu\u00df1.jpg\"><img loading=\"lazy\" decoding=\"async\" class=\"alignnone size-thumbnail wp-image-5352\" title=\"Wein und Genu\u00df1\" src=\"https:\/\/www.forum-soegel.de\/information\/wp-content\/uploads\/2011\/06\/Wein-und-Genu\u00df1-150x150.jpg\" alt=\"\" width=\"150\" height=\"150\" \/><\/a>\u00a0 <a href=\"https:\/\/www.forum-soegel.de\/information\/wp-content\/uploads\/2011\/06\/Wein-und-Genu\u00df3.jpg\"><img loading=\"lazy\" decoding=\"async\" class=\"alignnone size-thumbnail wp-image-5353\" title=\"Wein und Genu\u00df3\" src=\"https:\/\/www.forum-soegel.de\/information\/wp-content\/uploads\/2011\/06\/Wein-und-Genu\u00df3-150x150.jpg\" alt=\"\" width=\"150\" height=\"150\" \/><\/a><\/p>\n<p>Text\/Foto: IC<\/p>\n","protected":false},"excerpt":{"rendered":"Mitten im Ortszentrum von S\u00f6gel an der Clemens-August-Stra\u00dfe hat das Ehepaar Monika Neumeier-Diekmann und Bernd Neumeier am 1. Juni einen neuen Weinladen er\u00f6ffnet. Zur Angebotspalette z\u00e4hlen ein gutes Weinsortiment, erlesene Speise\u00f6le und Gew\u00fcrze. \u201eDas Verkaufsteam hat sich auf speziellen Schulungen auf seine neue Aufgabe vorbereitet und kann mit fundiertem Wissen dem Kunden beim Kauf eines [&hellip;]\n","protected":false},"author":2,"featured_media":0,"comment_status":"closed","ping_status":"closed","sticky":false,"template":"","format":"standard","meta":{"ngg_post_thumbnail":0,"footnotes":""},"categories":[4],"tags":[],"class_list":["post-5350","post","type-post","status-publish","format-standard","hentry","category-aus-der-geschaftswelt"],"_links":{"self":[{"href":"https:\/\/www.forum-soegel.de\/information\/wp-json\/wp\/v2\/posts\/5350","targetHints":{"allow":["GET"]}}],"collection":[{"href":"https:\/\/www.forum-soegel.de\/information\/wp-json\/wp\/v2\/posts"}],"about":[{"href":"https:\/\/www.forum-soegel.de\/information\/wp-json\/wp\/v2\/types\/post"}],"author":[{"embeddable":true,"href":"https:\/\/www.forum-soegel.de\/information\/wp-json\/wp\/v2\/users\/2"}],"replies":[{"embeddable":true,"href":"https:\/\/www.forum-soegel.de\/information\/wp-json\/wp\/v2\/comments?post=5350"}],"version-history":[{"count":1,"href":"https:\/\/www.forum-soegel.de\/information\/wp-json\/wp\/v2\/posts\/5350\/revisions"}],"predecessor-version":[{"id":5354,"href":"https:\/\/www.forum-soegel.de\/information\/wp-json\/wp\/v2\/posts\/5350\/revisions\/5354"}],"wp:attachment":[{"href":"https:\/\/www.forum-soegel.de\/information\/wp-json\/wp\/v2\/media?parent=5350"}],"wp:term":[{"taxonomy":"category","embeddable":true,"href":"https:\/\/www.forum-soegel.de\/information\/wp-json\/wp\/v2\/categories?post=5350"},{"taxonomy":"post_tag","embeddable":true,"href":"https:\/\/www.forum-soegel.de\/information\/wp-json\/wp\/v2\/tags?post=5350"}],"curies":[{"name":"wp","href":"https:\/\/api.w.org\/{rel}","templated":true}]}}