{"id":5345,"date":"2011-07-01T00:53:56","date_gmt":"2011-06-30T22:53:56","guid":{"rendered":"https:\/\/www.forum-soegel.de\/information\/?p=5345"},"modified":"2011-06-29T15:05:17","modified_gmt":"2011-06-29T13:05:17","slug":"groses-interesse-am-ersten-solarwochenende-in-sogel","status":"publish","type":"post","link":"https:\/\/www.forum-soegel.de\/information\/2011\/07\/groses-interesse-am-ersten-solarwochenende-in-sogel\/","title":{"rendered":"Gro\u00dfes Interesse am ersten Solarwochenende in S\u00f6gel"},"content":{"rendered":"<p><strong>Elektroller als \u201ePublikumsmagnet\u201c<\/strong><\/p>\n<p>Am 14. und 15. Mai lud die die Firma Helbich Photovoltaik aus S\u00f6gel zum ersten Solarwochenende in der H\u00fcmmling-Gemeinde ein: Die Besucher informierten sich \u00a0umfassend \u00fcber Technik, F\u00f6rderungen, Montage und Finanzierung von Photovoltaik-Anlagen. Viele Fragen gab es zur Nutzung des Solarstroms im eigenen Haus: \u201eEs besteht noch viel Informationsbedarf, dass der Eigenverbrauch des Solarstroms inzwischen rentabler ist als die Volleinspeisung ins \u00f6ffentliche Netz\u201c, so die Einsch\u00e4tzung von Gesch\u00e4ftsf\u00fchrer Christian Helbich im Anschluss an die Aktionstage. Neben der staatlichen F\u00f6rderung spiele der Aspekt der Nachhaltigkeit und Unabh\u00e4ngigkeit f\u00fcr die Interessenten eine immer gr\u00f6\u00dfere Rolle bei der Entscheidung f\u00fcr eine Solaranlage, so der Firmenchef weiter.<\/p>\n<p>Anhand eines Dachmodells zeigte das Team den Besuchern, wie die Solarmodule montiert werden und erkl\u00e4rte am Beispiel der bei Reaktiv Sprenkel installierten PV-Anlage die Funktionsweise von Wechselrichtern, Z\u00e4hlern und Modulen.<\/p>\n<p>Der Publikumsmagnet waren die Elektroroller, die Helbich ebenfalls vertreibt. Viele Besucher nutzen die Gelegenheit, eine Probefahrt zu unternehmen und an der Verlosung eines Wochenendes mit dem Elektroroller teilzunehmen.<\/p>\n<p>Weitere Infos unter <a href=\"https:\/\/www.helbich-photovoltaik.de\/\">www.helbich-photovoltaik.de\/<\/a> oder 05952\/990946.<span id=\"_marker\">\u00a0<\/span><\/p>\n","protected":false},"excerpt":{"rendered":"Elektroller als \u201ePublikumsmagnet\u201c Am 14. und 15. Mai lud die die Firma Helbich Photovoltaik aus S\u00f6gel zum ersten Solarwochenende in der H\u00fcmmling-Gemeinde ein: Die Besucher informierten sich \u00a0umfassend \u00fcber Technik, F\u00f6rderungen, Montage und Finanzierung von Photovoltaik-Anlagen. Viele Fragen gab es zur Nutzung des Solarstroms im eigenen Haus: \u201eEs besteht noch viel Informationsbedarf, dass der Eigenverbrauch [&hellip;]\n","protected":false},"author":2,"featured_media":0,"comment_status":"closed","ping_status":"closed","sticky":false,"template":"","format":"standard","meta":{"ngg_post_thumbnail":0,"footnotes":""},"categories":[4],"tags":[],"class_list":["post-5345","post","type-post","status-publish","format-standard","hentry","category-aus-der-geschaftswelt"],"_links":{"self":[{"href":"https:\/\/www.forum-soegel.de\/information\/wp-json\/wp\/v2\/posts\/5345","targetHints":{"allow":["GET"]}}],"collection":[{"href":"https:\/\/www.forum-soegel.de\/information\/wp-json\/wp\/v2\/posts"}],"about":[{"href":"https:\/\/www.forum-soegel.de\/information\/wp-json\/wp\/v2\/types\/post"}],"author":[{"embeddable":true,"href":"https:\/\/www.forum-soegel.de\/information\/wp-json\/wp\/v2\/users\/2"}],"replies":[{"embeddable":true,"href":"https:\/\/www.forum-soegel.de\/information\/wp-json\/wp\/v2\/comments?post=5345"}],"version-history":[{"count":1,"href":"https:\/\/www.forum-soegel.de\/information\/wp-json\/wp\/v2\/posts\/5345\/revisions"}],"predecessor-version":[{"id":5346,"href":"https:\/\/www.forum-soegel.de\/information\/wp-json\/wp\/v2\/posts\/5345\/revisions\/5346"}],"wp:attachment":[{"href":"https:\/\/www.forum-soegel.de\/information\/wp-json\/wp\/v2\/media?parent=5345"}],"wp:term":[{"taxonomy":"category","embeddable":true,"href":"https:\/\/www.forum-soegel.de\/information\/wp-json\/wp\/v2\/categories?post=5345"},{"taxonomy":"post_tag","embeddable":true,"href":"https:\/\/www.forum-soegel.de\/information\/wp-json\/wp\/v2\/tags?post=5345"}],"curies":[{"name":"wp","href":"https:\/\/api.w.org\/{rel}","templated":true}]}}