{"id":527,"date":"2010-01-01T14:58:34","date_gmt":"2010-01-01T12:58:34","guid":{"rendered":"https:\/\/www.forum-soegel.de\/information\/?p=527"},"modified":"2010-03-09T21:09:11","modified_gmt":"2010-03-09T19:09:11","slug":"lebendiger-adventskalender-2009","status":"publish","type":"post","link":"https:\/\/www.forum-soegel.de\/information\/2010\/01\/lebendiger-adventskalender-2009\/","title":{"rendered":"Lebendiger Adventskalender 2009"},"content":{"rendered":"<p>Die Aktion \u201eLebendiger Adventskalender\u201c in der Pfarrgemeinde S\u00f6gel wurde am 1. Dezember er\u00f6ffnet. Jeden Abend wurden um 18 Uhr ein mit adventlichen Motiven gestaltetes Fenster bei einer Familie oder einen \u00f6ffentlichen Einrichtung ge\u00f6ffnet. Viele Familien haben sich bereit erkl\u00e4rt, an dieser Aktion des Pfarrgemeinderates teilzunehmen und somit ein Zeichen zu setzen gegen \u00fcbertriebenen Konsum und Hektik in der Vorweihnachtszeit. Am 1. Dezember als Er\u00f6ffnungsabend fanden sich zahlreiche Kinder und Erwachsene bei der ersten Station des lebendigen Adventskalenders ein, bei der Familie Olliges an der Ulmenstra\u00dfe. Dem Kreuzzeichen folgte eine Meditation und der Vortrag einer Geschichte. Au\u00dferdem wurden Adventslieder gesungen. Bis Weihnachten blieben alle Fenster, die in den n\u00e4chsten Tagen ge\u00f6ffnet wurden, erleuchtet. Sie sollten, so Margret Kla\u00dfen und Elisabeth Wichmann vom Pfarrgemeinderat, wie eine Lichtspur durch den Ort an den Weg und die Vorbereitung auf Weihnachten erinnern.<\/p>\n<p>Text\/Foto: IC<\/p>\n<p><a href=\"https:\/\/www.forum-soegel.de\/information\/wp-content\/uploads\/2010\/01\/LebendigerAdventskalender20092.jpg\"><img loading=\"lazy\" decoding=\"async\" class=\"alignnone size-medium wp-image-794\" title=\"LebendigerAdventskalender2009\" src=\"https:\/\/www.forum-soegel.de\/information\/wp-content\/uploads\/2010\/01\/LebendigerAdventskalender20092-300x225.jpg\" alt=\"\" width=\"300\" height=\"225\" srcset=\"https:\/\/www.forum-soegel.de\/information\/wp-content\/uploads\/2010\/01\/LebendigerAdventskalender20092-300x225.jpg 300w, https:\/\/www.forum-soegel.de\/information\/wp-content\/uploads\/2010\/01\/LebendigerAdventskalender20092-1024x768.jpg 1024w, https:\/\/www.forum-soegel.de\/information\/wp-content\/uploads\/2010\/01\/LebendigerAdventskalender20092.jpg 1632w\" sizes=\"auto, (max-width: 300px) 100vw, 300px\" \/><\/a><\/p>\n","protected":false},"excerpt":{"rendered":"Die Aktion \u201eLebendiger Adventskalender\u201c in der Pfarrgemeinde S\u00f6gel wurde am 1. Dezember er\u00f6ffnet. Jeden Abend wurden um 18 Uhr ein mit adventlichen Motiven gestaltetes Fenster bei einer Familie oder einen \u00f6ffentlichen Einrichtung ge\u00f6ffnet. Viele Familien haben sich bereit erkl\u00e4rt, an dieser Aktion des Pfarrgemeinderates teilzunehmen und somit ein Zeichen zu setzen gegen \u00fcbertriebenen Konsum und [&hellip;]\n","protected":false},"author":2,"featured_media":0,"comment_status":"closed","ping_status":"closed","sticky":false,"template":"","format":"standard","meta":{"ngg_post_thumbnail":0,"footnotes":""},"categories":[3],"tags":[106,107],"class_list":["post-527","post","type-post","status-publish","format-standard","hentry","category-aktuelles-aus-der-region","tag-adventskalender","tag-lebendiger-adventskalender"],"_links":{"self":[{"href":"https:\/\/www.forum-soegel.de\/information\/wp-json\/wp\/v2\/posts\/527","targetHints":{"allow":["GET"]}}],"collection":[{"href":"https:\/\/www.forum-soegel.de\/information\/wp-json\/wp\/v2\/posts"}],"about":[{"href":"https:\/\/www.forum-soegel.de\/information\/wp-json\/wp\/v2\/types\/post"}],"author":[{"embeddable":true,"href":"https:\/\/www.forum-soegel.de\/information\/wp-json\/wp\/v2\/users\/2"}],"replies":[{"embeddable":true,"href":"https:\/\/www.forum-soegel.de\/information\/wp-json\/wp\/v2\/comments?post=527"}],"version-history":[{"count":5,"href":"https:\/\/www.forum-soegel.de\/information\/wp-json\/wp\/v2\/posts\/527\/revisions"}],"predecessor-version":[{"id":792,"href":"https:\/\/www.forum-soegel.de\/information\/wp-json\/wp\/v2\/posts\/527\/revisions\/792"}],"wp:attachment":[{"href":"https:\/\/www.forum-soegel.de\/information\/wp-json\/wp\/v2\/media?parent=527"}],"wp:term":[{"taxonomy":"category","embeddable":true,"href":"https:\/\/www.forum-soegel.de\/information\/wp-json\/wp\/v2\/categories?post=527"},{"taxonomy":"post_tag","embeddable":true,"href":"https:\/\/www.forum-soegel.de\/information\/wp-json\/wp\/v2\/tags?post=527"}],"curies":[{"name":"wp","href":"https:\/\/api.w.org\/{rel}","templated":true}]}}