{"id":5265,"date":"2011-06-01T00:11:33","date_gmt":"2011-05-31T22:11:33","guid":{"rendered":"https:\/\/www.forum-soegel.de\/information\/?p=5265"},"modified":"2011-05-30T20:18:54","modified_gmt":"2011-05-30T18:18:54","slug":"feueralarm-in-der-schule-am-schlos","status":"publish","type":"post","link":"https:\/\/www.forum-soegel.de\/information\/2011\/06\/feueralarm-in-der-schule-am-schlos\/","title":{"rendered":"Feueralarm in der Schule am Schlo\u00df"},"content":{"rendered":"<p><strong>Schulkomplex wurde blitzschnell ger\u00e4umt\u00a0 &#8211; Menschenrettung aus dem Obergeschoss<\/strong><\/p>\n<p>Drei Minuten nach Schulbeginn heulte die Sirene in der Schule am Schlo\u00df in S\u00f6gel: Feueralarm! Z\u00fcgig, aber nicht hektisch r\u00e4umten \u00fcber 350 Sch\u00fcler und Lehrer den Komplex. Sie waren nicht informiert worden, dass eine Brandschutz\u00fcbung stattfinden sollte.<\/p>\n<p>W\u00e4hrend im Obergeschoss Rauch aus den Fenstern quoll, sammelten sich die Schulklassen unter Leitung ihrer Lehrer auf dem Sammelplatz. Schnell stellte sich heraus, dass die Schulassistentin dem Weg nach drau\u00dfen durch das verqualmte Treppenhaus nicht mehr geschafft hatte.<\/p>\n<p>\u201eEine Person befindet sich noch im brennenden Klassenzimmer\u201c, lautete dann die Meldung an den Einsatzleiter der Feuerwehr S\u00f6gel, die bereits nach f\u00fcnf Minuten mit drei Fahrzeugen zur Stelle war. Der Hausmeister hatte die Grundrisspl\u00e4ne der Schule zu Hand, um den Atemschutzkr\u00e4ften den Weg zur Brandstelle zu zeigen. W\u00e4hrend die Drehleiter unter Leitung von Guido Vagedes zur Personenrettung in Stellung gebracht wurde, verlegten weitere Trupps Schlauchleitungen und begannen mit der Brandbek\u00e4mpfung. Vor den Augen der 350 staunenden Zuschauer wurde die Vermisste unversehrt \u00fcber die Drehleiter gerettet und zudem\u00a0 der m\u00e4chtige Wasserwerfer zur Sicherung des noch nicht betroffenen Schulkomplexes in Betrieb genommen.<\/p>\n<p>Schulleiter Lothar Schulz, Ortsbrandmeister Frank Tholen, Einsatzleiter Lambert Brand und \u00dcbungsbeobachter Hermann Weller waren zufrieden mit dem disziplinierten Verhalten der Sch\u00fcler und Lehrer. F\u00fcr einen gehbehinderten Sch\u00fcler im Obergeschoss, der den Fahrstuhl nicht mehr benutzen durfte, h\u00e4tte im Ernstfall ein Tragetuch f\u00fcr die Rettung durch das Treppenhaus \u00a0zur Verf\u00fcgung gestanden, so die Gruppenf\u00fchrer Markus Heller und Ludger R\u00f6tepohl.<\/p>\n<p>Text\/Foto: IC<\/p>\n<div id=\"attachment_5271\" style=\"width: 310px\" class=\"wp-caption alignnone\"><a href=\"https:\/\/www.forum-soegel.de\/information\/wp-content\/uploads\/2011\/06\/schule-am-schloss1.jpg\"><img loading=\"lazy\" decoding=\"async\" aria-describedby=\"caption-attachment-5271\" class=\"size-medium wp-image-5271 \" title=\"schule am schloss1\" src=\"https:\/\/www.forum-soegel.de\/information\/wp-content\/uploads\/2011\/06\/schule-am-schloss1-300x225.jpg\" alt=\"\" width=\"300\" height=\"225\" srcset=\"https:\/\/www.forum-soegel.de\/information\/wp-content\/uploads\/2011\/06\/schule-am-schloss1-300x225.jpg 300w, https:\/\/www.forum-soegel.de\/information\/wp-content\/uploads\/2011\/06\/schule-am-schloss1.jpg 640w\" sizes=\"auto, (max-width: 300px) 100vw, 300px\" \/><\/a><p id=\"caption-attachment-5271\" class=\"wp-caption-text\">Der Angriffstrupp unter Atemschutz erh\u00e4lt seinen Einsatzbefehl.<\/p><\/div>\n","protected":false},"excerpt":{"rendered":"Schulkomplex wurde blitzschnell ger\u00e4umt\u00a0 &#8211; Menschenrettung aus dem Obergeschoss Drei Minuten nach Schulbeginn heulte die Sirene in der Schule am Schlo\u00df in S\u00f6gel: Feueralarm! Z\u00fcgig, aber nicht hektisch r\u00e4umten \u00fcber 350 Sch\u00fcler und Lehrer den Komplex. Sie waren nicht informiert worden, dass eine Brandschutz\u00fcbung stattfinden sollte. W\u00e4hrend im Obergeschoss Rauch aus den Fenstern quoll, sammelten [&hellip;]\n","protected":false},"author":2,"featured_media":0,"comment_status":"closed","ping_status":"closed","sticky":false,"template":"","format":"standard","meta":{"ngg_post_thumbnail":0,"footnotes":""},"categories":[6],"tags":[],"class_list":["post-5265","post","type-post","status-publish","format-standard","hentry","category-aus-der-schule-geplaudert"],"_links":{"self":[{"href":"https:\/\/www.forum-soegel.de\/information\/wp-json\/wp\/v2\/posts\/5265","targetHints":{"allow":["GET"]}}],"collection":[{"href":"https:\/\/www.forum-soegel.de\/information\/wp-json\/wp\/v2\/posts"}],"about":[{"href":"https:\/\/www.forum-soegel.de\/information\/wp-json\/wp\/v2\/types\/post"}],"author":[{"embeddable":true,"href":"https:\/\/www.forum-soegel.de\/information\/wp-json\/wp\/v2\/users\/2"}],"replies":[{"embeddable":true,"href":"https:\/\/www.forum-soegel.de\/information\/wp-json\/wp\/v2\/comments?post=5265"}],"version-history":[{"count":4,"href":"https:\/\/www.forum-soegel.de\/information\/wp-json\/wp\/v2\/posts\/5265\/revisions"}],"predecessor-version":[{"id":5273,"href":"https:\/\/www.forum-soegel.de\/information\/wp-json\/wp\/v2\/posts\/5265\/revisions\/5273"}],"wp:attachment":[{"href":"https:\/\/www.forum-soegel.de\/information\/wp-json\/wp\/v2\/media?parent=5265"}],"wp:term":[{"taxonomy":"category","embeddable":true,"href":"https:\/\/www.forum-soegel.de\/information\/wp-json\/wp\/v2\/categories?post=5265"},{"taxonomy":"post_tag","embeddable":true,"href":"https:\/\/www.forum-soegel.de\/information\/wp-json\/wp\/v2\/tags?post=5265"}],"curies":[{"name":"wp","href":"https:\/\/api.w.org\/{rel}","templated":true}]}}