{"id":5240,"date":"2011-06-01T00:16:57","date_gmt":"2011-05-31T22:16:57","guid":{"rendered":"https:\/\/www.forum-soegel.de\/information\/?p=5240"},"modified":"2011-05-29T17:18:12","modified_gmt":"2011-05-29T15:18:12","slug":"kunst-kunsthandwerk-2","status":"publish","type":"post","link":"https:\/\/www.forum-soegel.de\/information\/2011\/06\/kunst-kunsthandwerk-2\/","title":{"rendered":"Kunst &#038; Kunsthandwerk"},"content":{"rendered":"<p><strong>Eine Ausstellung zum Sommeranfang in der Keramikwerkstatt Schloss Clemenswerth.<\/strong><\/p>\n<p><a href=\"https:\/\/www.forum-soegel.de\/information\/wp-content\/uploads\/2011\/05\/Akki.jpg\"><img loading=\"lazy\" decoding=\"async\" class=\"alignleft size-thumbnail wp-image-5241\" title=\"Akki\" src=\"https:\/\/www.forum-soegel.de\/information\/wp-content\/uploads\/2011\/05\/Akki-150x150.jpg\" alt=\"\" width=\"150\" height=\"150\" \/><\/a>\u00a0Vom 18. Juni bis zum 3. Juli pr\u00e4sentieren 8 Aussteller ihre Arbeiten und Produkte in den R\u00e4umen und im Garten der Keramikwerkstatt von Acki J\u00fcrgens auf Schloss Clemenswerth. Zu sehen sind Arbeiten aus den Bereichen Gold- und Silberschmuck, Metallgestaltung und Malerei, Weine und edle Br\u00e4nde, Modeschmuck und Keramik. Die Ausstellung wird er\u00f6ffnet am Samstag 18.06. um 15 Uhr durch Herrn Eckard Wagner, Museumsdirektor i.R. Am ersten und am letzten Wochenende bereichert Paul Hilbers aus S\u00f6gel das Angebot mit Weinen und edlen Br\u00e4nden. \u00d6ffnungszeiten : Di &#8211; So\u00a0 10 Uhr &#8211; 18 Uhr.<\/p>\n<p>Text\/Foto: IC<\/p>\n","protected":false},"excerpt":{"rendered":"Eine Ausstellung zum Sommeranfang in der Keramikwerkstatt Schloss Clemenswerth. \u00a0Vom 18. Juni bis zum 3. Juli pr\u00e4sentieren 8 Aussteller ihre Arbeiten und Produkte in den R\u00e4umen und im Garten der Keramikwerkstatt von Acki J\u00fcrgens auf Schloss Clemenswerth. Zu sehen sind Arbeiten aus den Bereichen Gold- und Silberschmuck, Metallgestaltung und Malerei, Weine und edle Br\u00e4nde, Modeschmuck [&hellip;]\n","protected":false},"author":2,"featured_media":0,"comment_status":"closed","ping_status":"closed","sticky":false,"template":"","format":"standard","meta":{"ngg_post_thumbnail":0,"footnotes":""},"categories":[3],"tags":[],"class_list":["post-5240","post","type-post","status-publish","format-standard","hentry","category-aktuelles-aus-der-region"],"_links":{"self":[{"href":"https:\/\/www.forum-soegel.de\/information\/wp-json\/wp\/v2\/posts\/5240","targetHints":{"allow":["GET"]}}],"collection":[{"href":"https:\/\/www.forum-soegel.de\/information\/wp-json\/wp\/v2\/posts"}],"about":[{"href":"https:\/\/www.forum-soegel.de\/information\/wp-json\/wp\/v2\/types\/post"}],"author":[{"embeddable":true,"href":"https:\/\/www.forum-soegel.de\/information\/wp-json\/wp\/v2\/users\/2"}],"replies":[{"embeddable":true,"href":"https:\/\/www.forum-soegel.de\/information\/wp-json\/wp\/v2\/comments?post=5240"}],"version-history":[{"count":2,"href":"https:\/\/www.forum-soegel.de\/information\/wp-json\/wp\/v2\/posts\/5240\/revisions"}],"predecessor-version":[{"id":5243,"href":"https:\/\/www.forum-soegel.de\/information\/wp-json\/wp\/v2\/posts\/5240\/revisions\/5243"}],"wp:attachment":[{"href":"https:\/\/www.forum-soegel.de\/information\/wp-json\/wp\/v2\/media?parent=5240"}],"wp:term":[{"taxonomy":"category","embeddable":true,"href":"https:\/\/www.forum-soegel.de\/information\/wp-json\/wp\/v2\/categories?post=5240"},{"taxonomy":"post_tag","embeddable":true,"href":"https:\/\/www.forum-soegel.de\/information\/wp-json\/wp\/v2\/tags?post=5240"}],"curies":[{"name":"wp","href":"https:\/\/api.w.org\/{rel}","templated":true}]}}