{"id":5225,"date":"2011-06-01T00:26:55","date_gmt":"2011-05-31T22:26:55","guid":{"rendered":"https:\/\/www.forum-soegel.de\/information\/?p=5225"},"modified":"2011-05-29T16:29:25","modified_gmt":"2011-05-29T14:29:25","slug":"kinderkonigin-2011-sonja-bohlin","status":"publish","type":"post","link":"https:\/\/www.forum-soegel.de\/information\/2011\/06\/kinderkonigin-2011-sonja-bohlin\/","title":{"rendered":"Kinderk\u00f6nigin 2011 Sonja Bohlin"},"content":{"rendered":"<p>Am 07.05.2011 wurde auf dem Schie\u00dfstand in Spahnharrenst\u00e4tte das Kinderk\u00f6nigschie\u00dfen 2011 durchgef\u00fchrt.<\/p>\n<p>In diesem Jahr haben 14 Kinder (4. Schuljahr der Grundschule) an dem Wettbewerb teilgenommen.<\/p>\n<p>An den letzten Wochenenden hatten die Kinder die M\u00f6glichkeit auf dem Schie\u00dfstand zu \u00fcben. Daher ist es auch nicht verwunderlich, dass sehr gute Schie\u00dfergebnisse erzielt wurden.<\/p>\n<p>Sonja Bohlin erreichte mit 27,8 Ringen das &#8222;Top&#8220; Ergebnis und wurde somit zur Sch\u00fctzk\u00f6nigen 2011 gek\u00fcrt.<\/p>\n<p>Sie erw\u00e4hlte sich Jan G\u00e4ken zum Sch\u00fctzenk\u00f6nig. Zu dem weiteren Throngefolge geh\u00f6ren: Anika T\u00f6bben und Laurenz Determann, Carolin Grote und Benedikt Br\u00f6rken sowie Michele Meyer und Tobias Sanders.<\/p>\n<p>Die Veranstaltung wurde von der Jugendgruppe der Sch\u00fctzenkapelle unter der Leitung von Marina Kessens umrahmt.<\/p>\n<p>Der Trend, dass sich in jedem Jahr immer mehr Interessierte zum Kinderk\u00f6nigschie\u00dfen einfinden, setzte sich auch in diesem Jahr vor. So dass die Kr\u00f6nung in einem w\u00fcrdigen Rahmen statt finden konnte.<\/p>\n<p>Text\/Foto: Vereine Spahnharrenst\u00e4tte<\/p>\n<p><a href=\"https:\/\/www.forum-soegel.de\/information\/wp-content\/uploads\/2011\/05\/kinderk\u00f6nig1JPG.jpg\"><img loading=\"lazy\" decoding=\"async\" class=\"alignnone size-thumbnail wp-image-5226\" title=\"kinderk\u00f6nig1JPG\" src=\"https:\/\/www.forum-soegel.de\/information\/wp-content\/uploads\/2011\/05\/kinderk\u00f6nig1JPG-150x150.jpg\" alt=\"\" width=\"150\" height=\"150\" \/><\/a>\u00a0 <a href=\"https:\/\/www.forum-soegel.de\/information\/wp-content\/uploads\/2011\/05\/kinderk\u00f6nig2.jpg\"><img loading=\"lazy\" decoding=\"async\" class=\"alignnone size-thumbnail wp-image-5227\" title=\"kinderk\u00f6nig2\" src=\"https:\/\/www.forum-soegel.de\/information\/wp-content\/uploads\/2011\/05\/kinderk\u00f6nig2-150x150.jpg\" alt=\"\" width=\"150\" height=\"150\" \/><\/a><\/p>\n<p><a href=\"https:\/\/www.forum-soegel.de\/information\/wp-content\/uploads\/2011\/05\/kinderk\u00f6nig3.jpg\"><img loading=\"lazy\" decoding=\"async\" class=\"alignnone size-thumbnail wp-image-5228\" title=\"kinderk\u00f6nig3\" src=\"https:\/\/www.forum-soegel.de\/information\/wp-content\/uploads\/2011\/05\/kinderk\u00f6nig3-150x150.jpg\" alt=\"\" width=\"150\" height=\"150\" \/><\/a>\u00a0 <a href=\"https:\/\/www.forum-soegel.de\/information\/wp-content\/uploads\/2011\/05\/kinderk\u00f6nig4.jpg\"><img loading=\"lazy\" decoding=\"async\" class=\"alignnone size-thumbnail wp-image-5229\" title=\"kinderk\u00f6nig4\" src=\"https:\/\/www.forum-soegel.de\/information\/wp-content\/uploads\/2011\/05\/kinderk\u00f6nig4-150x150.jpg\" alt=\"\" width=\"150\" height=\"150\" \/><\/a><\/p>\n","protected":false},"excerpt":{"rendered":"Am 07.05.2011 wurde auf dem Schie\u00dfstand in Spahnharrenst\u00e4tte das Kinderk\u00f6nigschie\u00dfen 2011 durchgef\u00fchrt. In diesem Jahr haben 14 Kinder (4. Schuljahr der Grundschule) an dem Wettbewerb teilgenommen. An den letzten Wochenenden hatten die Kinder die M\u00f6glichkeit auf dem Schie\u00dfstand zu \u00fcben. Daher ist es auch nicht verwunderlich, dass sehr gute Schie\u00dfergebnisse erzielt wurden. Sonja Bohlin erreichte [&hellip;]\n","protected":false},"author":2,"featured_media":0,"comment_status":"closed","ping_status":"closed","sticky":false,"template":"","format":"standard","meta":{"ngg_post_thumbnail":0,"footnotes":""},"categories":[5],"tags":[700,701],"class_list":["post-5225","post","type-post","status-publish","format-standard","hentry","category-was-machen-die-vereine","tag-kinderkonig","tag-kinderkonigin"],"_links":{"self":[{"href":"https:\/\/www.forum-soegel.de\/information\/wp-json\/wp\/v2\/posts\/5225","targetHints":{"allow":["GET"]}}],"collection":[{"href":"https:\/\/www.forum-soegel.de\/information\/wp-json\/wp\/v2\/posts"}],"about":[{"href":"https:\/\/www.forum-soegel.de\/information\/wp-json\/wp\/v2\/types\/post"}],"author":[{"embeddable":true,"href":"https:\/\/www.forum-soegel.de\/information\/wp-json\/wp\/v2\/users\/2"}],"replies":[{"embeddable":true,"href":"https:\/\/www.forum-soegel.de\/information\/wp-json\/wp\/v2\/comments?post=5225"}],"version-history":[{"count":2,"href":"https:\/\/www.forum-soegel.de\/information\/wp-json\/wp\/v2\/posts\/5225\/revisions"}],"predecessor-version":[{"id":5231,"href":"https:\/\/www.forum-soegel.de\/information\/wp-json\/wp\/v2\/posts\/5225\/revisions\/5231"}],"wp:attachment":[{"href":"https:\/\/www.forum-soegel.de\/information\/wp-json\/wp\/v2\/media?parent=5225"}],"wp:term":[{"taxonomy":"category","embeddable":true,"href":"https:\/\/www.forum-soegel.de\/information\/wp-json\/wp\/v2\/categories?post=5225"},{"taxonomy":"post_tag","embeddable":true,"href":"https:\/\/www.forum-soegel.de\/information\/wp-json\/wp\/v2\/tags?post=5225"}],"curies":[{"name":"wp","href":"https:\/\/api.w.org\/{rel}","templated":true}]}}